{"id":547007,"date":"2022-05-19T00:03:13","date_gmt":"2022-05-19T05:03:13","guid":{"rendered":"https:\/\/www.diarioimagen.net\/?p=547007"},"modified":"2022-05-20T04:33:15","modified_gmt":"2022-05-20T09:33:15","slug":"desaparecidos-problema-sin-solucion-2","status":"publish","type":"post","link":"https:\/\/www.diarioimagen.net\/?p=547007","title":{"rendered":"Desaparecidos, \u00bfproblema sin soluci\u00f3n?"},"content":{"rendered":"<h2>Espacio Electoral<\/h2>\n<h5>Eleazar Flores<\/h5>\n<p>&nbsp;<\/p>\n<p>Son miles de hogares enlutados por la desaparici\u00f3n de sus seres queridos. Sumidos en el dolor esperan localizar a sus familiares o amigos de los que nunca se volvi\u00f3 a conocer su paradero.<\/p>\n<p>Y otros desaparecidos que son buscados en todas partes, incluidos hospitales, c\u00e1rceles y fosas clandestinas. En estos \u00faltimos lugares hay centenares de restos humanos sin identificaci\u00f3n.<\/p>\n<p>Aunque la tragedia de los desaparecidos no es nueva, el problema social creci\u00f3 incontenible. En el presente son m\u00e1s de cien mil desapariciones, m\u00e1s las que no se denuncian.\u00a0 Diferentes organismos defensores de derechos humanos exigen a las autoridades mexicanas que se apliquen todo tipo de medidas, incluidas las preventivas, para frenar este delito. Tambi\u00e9n los colectivos de los desaparecidos se pronuncian por una mejor aplicaci\u00f3n de la ley, para evitar que los victimarios resulten beneficiados con la impunidad, otro acto de injusticia.<\/p>\n<p>El problema de las desapariciones se extendi\u00f3 por todo M\u00e9xico. Fue en 2006 cuando empez\u00f3 a crecer, como resultado de la guerra del gobierno, encabezado por Felipe Calder\u00f3n, contra la delincuencia organizada.<\/p>\n<p>\u00bfC\u00f3mo se solucionar\u00e1 ese grave problema de los desaparecidos? Ser\u00e1 muy dif\u00edcil resolverlo. Aunque el presidente L\u00f3pez Obrador se\u00f1al\u00f3 que \u201cse est\u00e1 haciendo un trabajo de b\u00fasqueda como nunca\u201d.<\/p>\n<p>Agreg\u00f3 el mandatario que ning\u00fan gobierno se hab\u00eda ocupado de los desaparecidos como ahora, toda la Secretar\u00eda de Gobernaci\u00f3n est\u00e1 dedicada a eso, a buscar fosas clandestinas. La lucha entre los grupos criminales y estos contra la fuerza p\u00fablica traer\u00e1 m\u00e1s dramas, tragedias y dolor.\u00a0 Ojal\u00e1 y no.<\/p>\n<p style=\"text-align: center;\"><strong>Elecciones estatales<\/strong><\/p>\n<p>El pr\u00f3ximo 5 de junio habr\u00e1 elecciones en seis estados: Tamaulipas, Oaxaca, Durango, Aguascalientes, Hidalgo y Quintana Roo. Se votar\u00e1 por nuevo gobernador.<\/p>\n<p>De acuerdo con los analistas pol\u00edticos, en cuatro entidades ya est\u00e1 seguro el triunfo del partido Movimiento de Regeneraci\u00f3n Nacional (Morena). Nos referimos a Oaxaca, Quintana Roo, Hidalgo y Tamaulipas.\u00a0 En Aguascalientes ganar\u00e1 el Partido Acci\u00f3n Nacional (PAN). La batalla electoral en Durango va empatada. En t\u00e9rminos generales en cinco de las seis entidades no se ven mayores problemas.<\/p>\n<p>No as\u00ed, en Tamaulipas. El gobernador Francisco Javier Garc\u00eda Cabeza de Vaca hace hasta lo imposible por dejar en el cargo al panista C\u00e9sar Ver\u00e1stegui, conocido como \u201cEl Truko\u201d, para que lo proteja y lo ayude a salir del hoyo en que se encuentra.<\/p>\n<p>Se supone que le estallar\u00e1n los problemas a Cabeza de Vaca que fue acusado, entre otros delitos, de recibir millonarias cantidades de dinero para aprobar la reforma energ\u00e9tica relacionada con el caso Odebrecht. Su condici\u00f3n de mandatario estatal lo libr\u00f3 de enfrentar a la justicia, Sin embargo, tiene su expediente en la Fiscal\u00eda General de la Rep\u00fablica (FGR), que podr\u00eda reactivarse en cuanto deje el cargo.<\/p>\n<p>Por cierto, seg\u00fan las encuestas, el candidato a la gubernatura, Am\u00e9rico Villarreal, de la coalici\u00f3n Juntos Hacemos Historia, encabeza las preferencias electorales. As\u00ed pues, el triunfo morenista est\u00e1 asegurado, sin importar los esc\u00e1ndalos poselectorales.<\/p>\n<p style=\"text-align: center;\"><strong>Armas de fuego<\/strong><\/p>\n<p>El Departamento de Justicia de Estados Unidos admite que las armas de fuego son una plaga.<\/p>\n<p>Esa declaraci\u00f3n no es suficiente para frenar las masacres que se registran en el vecino pa\u00eds.<\/p>\n<p>Es necesario cambiar las leyes que favorecen a los criminales que consiguen cualquier tipo de arma sin ning\u00fan problema.\u00a0 Esa situaci\u00f3n irregular en EU favorece al contrabando ilegal de armas que perjudica a M\u00e9xico.\u00a0 En nuestro pa\u00eds, la delincuencia organizada tiene suficiente armamento para realizar sus acciones criminales.<\/p>\n<p>En EU, fueron m\u00e1s de 139 millones de armas fabricadas para el mercado comercial durante las \u00faltimas dos d\u00e9cadas, incluyendo 11.3 millones en 2020, de acuerdo con un informe oficial.<\/p>\n<p>Esa cantidad de pistolas, rifles de alto poder, etc., estuvo a disposici\u00f3n de cuanta persona quisiera abastecerse. A esas tiendas fueron toda clase de extremistas, incluidos los supremacistas, como Payton Gendron, qui\u00e9n mat\u00f3 a diez personas el s\u00e1bado pasado, en el supermercado de Buffalo, EU.<\/p>\n<p>\u00bfUsted qu\u00e9 opina amable lector?<\/p>\n<p><em><a href=\"mailto:elefa44@gmail.com\" target=\"_blank\" rel=\"noopener noreferrer\">elefa44@gmail.com<\/a><\/em><\/p>\n","protected":false},"excerpt":{"rendered":"<p><span style=\"color: #005497;\"><strong>Eleazar Flores<\/strong><\/span><\/p>\n","protected":false},"author":3,"featured_media":0,"comment_status":"open","ping_status":"open","sticky":false,"template":"","format":"standard","meta":{"_monsterinsights_skip_tracking":false,"_monsterinsights_sitenote_active":false,"_monsterinsights_sitenote_note":"","_monsterinsights_sitenote_category":0,"footnotes":""},"categories":[81743],"tags":[81744,81776,43674],"class_list":["post-547007","post","type-post","status-publish","format-standard","hentry","category-eleazar-flores","tag-eleazar-flores","tag-espacio-electoral","tag-opinion"],"_links":{"self":[{"href":"https:\/\/www.diarioimagen.net\/index.php?rest_route=\/wp\/v2\/posts\/547007","targetHints":{"allow":["GET"]}}],"collection":[{"href":"https:\/\/www.diarioimagen.net\/index.php?rest_route=\/wp\/v2\/posts"}],"about":[{"href":"https:\/\/www.diarioimagen.net\/index.php?rest_route=\/wp\/v2\/types\/post"}],"author":[{"embeddable":true,"href":"https:\/\/www.diarioimagen.net\/index.php?rest_route=\/wp\/v2\/users\/3"}],"replies":[{"embeddable":true,"href":"https:\/\/www.diarioimagen.net\/index.php?rest_route=%2Fwp%2Fv2%2Fcomments&post=547007"}],"version-history":[{"count":0,"href":"https:\/\/www.diarioimagen.net\/index.php?rest_route=\/wp\/v2\/posts\/547007\/revisions"}],"wp:attachment":[{"href":"https:\/\/www.diarioimagen.net\/index.php?rest_route=%2Fwp%2Fv2%2Fmedia&parent=547007"}],"wp:term":[{"taxonomy":"category","embeddable":true,"href":"https:\/\/www.diarioimagen.net\/index.php?rest_route=%2Fwp%2Fv2%2Fcategories&post=547007"},{"taxonomy":"post_tag","embeddable":true,"href":"https:\/\/www.diarioimagen.net\/index.php?rest_route=%2Fwp%2Fv2%2Ftags&post=547007"}],"curies":[{"name":"wp","href":"https:\/\/api.w.org\/{rel}","templated":true}]}}