{"id":547008,"date":"2022-05-19T00:01:21","date_gmt":"2022-05-19T05:01:21","guid":{"rendered":"https:\/\/www.diarioimagen.net\/?p=547008"},"modified":"2022-05-19T02:13:23","modified_gmt":"2022-05-19T07:13:23","slug":"justicia-a-la-carta-2","status":"publish","type":"post","link":"https:\/\/www.diarioimagen.net\/?p=547008","title":{"rendered":"Justicia a la carta"},"content":{"rendered":"<h2>Precios y desprecios<\/h2>\n<h5>Freddy S\u00e1nchez<\/h5>\n<p>&nbsp;<\/p>\n<p>\u201cEn la c\u00e1rcel se conoce a los amigos\u201d, reza un dicho. Aunque la verdad es que el dinero suele ser el \u00fanico amigo en las c\u00e1rceles.<\/p>\n<p>Una vieja inmoralidad que salta a la vista de los internos y custodios, pudiendo ocultarse cuando hay visitas especiales en un penal.<\/p>\n<p>Qu\u00e9 tanto entonces pudo revelarse de lo que realmente pasa en Santa Martha Acatitla, (c\u00e1rcel de mujeres), en presencia del ministro presidente de la Suprema Corte, Arturo Zald\u00edvar, el d\u00eda de su visita.<\/p>\n<p>El motivo de la cual, entre algunos observadores dej\u00f3 m\u00e1s dudas que certezas.<\/p>\n<p>Y es que para conocer lo que sucede en una prisi\u00f3n, lo menos recomendable para un visitante que ostenta alguna jerarqu\u00eda oficial es que anuncie que va a ir, pensando que lo que encontrar\u00e1 es lo que sucede com\u00fanmente en un reclusorio.<\/p>\n<p>Nada m\u00e1s apartado de la realidad, puesto que lo que habitualmente se hace en torno a la presencia de un personaje p\u00fablico, es lo mismo que har\u00eda una anfitriona en espera de invitados recurriendo a \u201climpiar la casa\u201d.<\/p>\n<p>Como quiera que sea lo que las internas de Santa Martha hayan querido decirle al ministro Zald\u00edvar le permitir\u00e1 tener la informaci\u00f3n indispensable para confirmar que al igual que en otras estancias carcelarias hay infinidad de casos de abuso a los derechos humanos, abulia administrativa para ventilar con fluidez los procesos legales y la consabida pr\u00e1ctica de conductas dudosamente honradas que inciden en hacerle m\u00e1s f\u00e1cil o dif\u00edcil la vida en prisi\u00f3n a los y las internas.<\/p>\n<p>Un mal que data pr\u00e1cticamente desde \u201cla prehistoria\u201d de la reclusi\u00f3n para las personas que llegan a cometer alguna conducta tipificada como delito y debido a ello, casi invariablemente padecen toda clase de abusos, en tanto se los juzga y condena lo que puede tardar mucho tiempo.<\/p>\n<p>En ese tenor es de mencionar que constitucionalmente existe una norma que le pone l\u00edmite de un a\u00f1o al procedimiento procesal para dictar una sentencia, lo cual se anula por lo regular a petici\u00f3n de los acusados de delito, cuya representaci\u00f3n legal pide m\u00e1s tiempo para el desahogo de pruebas.<\/p>\n<p>As\u00ed las cosas, la vida interna en una c\u00e1rcel se torna en una vivencia dolorosa para quienes no cuentan con el dinero que permite tener menos contacto con todo aquello que dificulta vivir medianamente tranquilo durante un periodo de reclusi\u00f3n.<\/p>\n<p>El hacinamiento al que se somete a los reos menos favorecidos econ\u00f3micamente, adem\u00e1s de la imposici\u00f3n de tareas inc\u00f3modas y humillantes, uno supondr\u00eda que hace muchos a\u00f1os ya no sucede en los reclusorios, pero entre quienes cuentan con familiares en prisi\u00f3n sigue siendo tema de inconformidades lo que se relaciona con la pol\u00edtica interna de los penales donde el que paga m\u00e1s vive mejor y el que no paga sufre como el que m\u00e1s.<\/p>\n<p>Para qu\u00e9 pues pudo servir la visita del ministro presidente de la Suprema Corte, en aras de corregir lo que no pudiera estar funcionando como es debido en Santa Marta Acatitla, siendo que lo que ocurre en las c\u00e1rceles es ajeno a lo que se puede componer desde una instancia de administraci\u00f3n de la Justicia.<\/p>\n<p>La respuesta podr\u00eda darla el hecho de que las denuncias sobre malo manejos carcelarios, viniendo de altas esferas del poder institucional, obviamente, son m\u00e1s escuchadas que las que se hacen entre los afectados y sus parientes.<\/p>\n<p>Es de desear por ello, que Arturo Zald\u00edvar censure y exija los cambios que hacen falta en la procuraci\u00f3n y administraci\u00f3n de la justicia para darle mayor agilidad y certeza a los procesos penales, adem\u00e1s de limpiar de lacras las prisiones, nulificando todo manejo faccioso de los instrumentos legales a servicio del mejor postor como si existiera una justicia a la carta.<\/p>\n<p><em><a href=\"mailto:serviciospremier_vip@hotmail.com\" target=\"_blank\" rel=\"noopener noreferrer\">serviciospremier_vip@hotmail.com<\/a><\/em><\/p>\n","protected":false},"excerpt":{"rendered":"<p><span style=\"color: #005497;\"><strong>Freddy S\u00e1nchez<\/strong><\/span><\/p>\n","protected":false},"author":3,"featured_media":0,"comment_status":"open","ping_status":"open","sticky":false,"template":"","format":"standard","meta":{"_monsterinsights_skip_tracking":false,"_monsterinsights_sitenote_active":false,"_monsterinsights_sitenote_note":"","_monsterinsights_sitenote_category":0,"footnotes":""},"categories":[22959],"tags":[43710,43674,22960],"class_list":["post-547008","post","type-post","status-publish","format-standard","hentry","category-freddy-sanchez","tag-freddy-sanchez","tag-opinion","tag-precios-y-desprecios"],"_links":{"self":[{"href":"https:\/\/www.diarioimagen.net\/index.php?rest_route=\/wp\/v2\/posts\/547008","targetHints":{"allow":["GET"]}}],"collection":[{"href":"https:\/\/www.diarioimagen.net\/index.php?rest_route=\/wp\/v2\/posts"}],"about":[{"href":"https:\/\/www.diarioimagen.net\/index.php?rest_route=\/wp\/v2\/types\/post"}],"author":[{"embeddable":true,"href":"https:\/\/www.diarioimagen.net\/index.php?rest_route=\/wp\/v2\/users\/3"}],"replies":[{"embeddable":true,"href":"https:\/\/www.diarioimagen.net\/index.php?rest_route=%2Fwp%2Fv2%2Fcomments&post=547008"}],"version-history":[{"count":0,"href":"https:\/\/www.diarioimagen.net\/index.php?rest_route=\/wp\/v2\/posts\/547008\/revisions"}],"wp:attachment":[{"href":"https:\/\/www.diarioimagen.net\/index.php?rest_route=%2Fwp%2Fv2%2Fmedia&parent=547008"}],"wp:term":[{"taxonomy":"category","embeddable":true,"href":"https:\/\/www.diarioimagen.net\/index.php?rest_route=%2Fwp%2Fv2%2Fcategories&post=547008"},{"taxonomy":"post_tag","embeddable":true,"href":"https:\/\/www.diarioimagen.net\/index.php?rest_route=%2Fwp%2Fv2%2Ftags&post=547008"}],"curies":[{"name":"wp","href":"https:\/\/api.w.org\/{rel}","templated":true}]}}