{"id":547015,"date":"2022-05-19T00:07:13","date_gmt":"2022-05-19T05:07:13","guid":{"rendered":"https:\/\/www.diarioimagen.net\/?p=547015"},"modified":"2022-05-20T04:41:18","modified_gmt":"2022-05-20T09:41:18","slug":"morena-no-pudo-contener-las-criticas-al-gobierno-federal","status":"publish","type":"post","link":"https:\/\/www.diarioimagen.net\/?p=547015","title":{"rendered":"Morena no pudo contener las cr\u00edticas al gobierno federal"},"content":{"rendered":"<h2>Clase Pol\u00edtica<\/h2>\n<h5>Miguel \u00c1ngel Rivera<\/h5>\n<p>&nbsp;<\/p>\n<p>Con gran empe\u00f1o, senadores y diputados de Morena y sus r\u00e9moras del PVEM y PT, intentaron en la sesi\u00f3n de ayer de la Comisi\u00f3n Permanente desviar la atenci\u00f3n respecto de los principales problemas nacionales, pero los legisladores de oposici\u00f3n y los independientes no les dejaron tender la cortina de humo y una y otra vez les recordaron la inseguridad, la violencia generalizada, los feminicidios, la falta de medicamentos, la cancelaci\u00f3n de programas de beneficio social y los intentos por desprestigiar al sistema educativo nacional.<\/p>\n<p>Una y otra vez \u2013in\u00fatilmente\u2013 los diputados y senadores del partido oficial, as\u00ed como \u00e9mulos de los partidos sat\u00e9lite, intentaron limitar el debate en torno a las elecciones en los seis estados que estar\u00e1n en disputa en las elecciones de junio venidero y reducir todo a los problemas locales que se ventilan en estos procesos.<\/p>\n<p>Todo empez\u00f3 desde la reuni\u00f3n preparatoria de la directiva de la Comisi\u00f3n Permanente, en donde Morena y secuaces impusieron que el \u00fanico tema a considerar dentro de la orden del d\u00eda fueran las elecciones estatales.<\/p>\n<p>Los opositores aparentemente se sometieron, pero dentro de su arsenal para el debate insistieron una y otra vez en los errores y omisiones del gobierno encabezado por el presidente Andr\u00e9s Manuel L\u00f3pez Obrador, como su defensa de los derechos humanos de los criminales y sus ataques a las universidades nacionales, en particular a la UNAM, para justificarla contrataci\u00f3n de m\u00e9dicos cubanos.<\/p>\n<p>Los legisladores de la llamada Cuarta Transformaci\u00f3n le \u201cpicaron la cresta\u201d a los opositores al repetir que les ganar\u00e1n todas las elecciones del mes venidero y criticaron a los mandatarios salientes, en particular a Francisco Garc\u00eda Cabeza de Vaca, de Tamaulipas, pero los opositores insistieron en sus cr\u00edticas por la inseguridad en el pa\u00eds, las deficiencias en materia de salud, como la falta de medicamentos, y la elevada tasa de inflaci\u00f3n, la m\u00e1s alta en 20 a\u00f1os.<\/p>\n<p>Morena y asociados exig\u00edan que, conforme a un acuerdo previo, sus opositores se limitaran a hablar de las elecciones, pero hasta su propia compa\u00f1era, Olga S\u00e1nchez Cordero, en funciones de presidenta de la Permanente, les record\u00f3 que los senadores y diputados no pueden ser reconvenidos ni limitados en sus expresiones.<\/p>\n<p>En respuesta a un intento del diputado \u201cmoreno\u201d Leonel Godoy de limitar a la senadora ahora independiente y antes del PT, Nancy de la Sierra, la presidenta de la Permanente, le record\u00f3: \u201cCon todo respeto, diputado, (la oradora)\u00a0est\u00e1 dentro de su tiempo y tiene derecho a la libre expresi\u00f3n\u201d.<\/p>\n<p>De la Sierra, en efecto, continu\u00f3 y advirti\u00f3 que no se puede elogiar una expresi\u00f3n como la del presidente L\u00f3pez Obrador de que hay que cuidar a los delincuentes porque son humanos.<\/p>\n<p>\u201cA estas vergonzosas declaraciones \u2014manifest\u00f3 la legisladora\u2014 nos vemos obligados a responder con firmeza:<\/p>\n<p>\u201cSe\u00f1or Presidente, ojal\u00e1 protegiera as\u00ed a las y los trabajadores de parcelas en Michoac\u00e1n, que han muerto en manos de estos criminales que usted defiende. Ojal\u00e1 protegiera as\u00ed a las 10 mujeres asesinadas diariamente en nuestro pa\u00eds. A los siete desaparecidos que todos los d\u00edas salen de casa y no regresan o a los 33 periodistas que han muerto durante este sexenio.<\/p>\n<p>\u201cLo llamamos con mucho respeto, y lo digo claro y fuerte, respeto, pero con un sentido de urgencia a replantear su postura frente a la inseguridad en nuestro pa\u00eds, porque los sectores m\u00e1s vulnerables y los procesos electorales se avecinan y necesitamos garantizar la paz y la seguridad de ellos, sobre todo porque al menos desde hace 15 a\u00f1os se ha demostrado que los niveles de violencia del crimen organizado aumentan en los municipios como respuesta a la alternancia pol\u00edtica en los mismos, desestabilizando las redes de protecci\u00f3n estatales\u201d, recalc\u00f3 la senadora poblana.<\/p>\n<p style=\"text-align: center;\"><strong>PAN critica la \u201cimportaci\u00f3n\u201d de m\u00e9dicos<br \/>\ny el PRI pide al Presidente \u201cfuera manos<\/strong>\u201d<\/p>\n<p>Cada doctor procedente de Cuba como parte del convenio que realiz\u00f3 el gobierno de M\u00e9xico durante la pasada pandemia cost\u00f3 a los mexicanos 140 mil pesos y en total nuestro pa\u00eds pag\u00f3 255 millones de pesos para el pago de sueldos de los 585 supuestos m\u00e9dicos procedentes de la isla para atacar la Covid-19, sostiene un comunicado de la dirigencia del PAN.<\/p>\n<p>Los panistas reprobaron que el presidente Andr\u00e9s Manuel L\u00f3pez Obrador muestre m\u00e1s solidaridad y cari\u00f1o por los narcotraficantes y criminales que por los doctores mexicanos.<\/p>\n<p>\u201cNo quiere a la UNAM, no quiere al ITAM, no quiere a los doctores, \u00bfa qui\u00e9n quiere L\u00f3pez Obrador?, a quien quiere es a los narcotraficantes, a ellos s\u00ed los quiere\u201d, sostuvo la presidenta de la comisi\u00f3n de derechos humanos del Senado, Kenia L\u00f3pez.<\/p>\n<p>La legisladora panista pidi\u00f3 a L\u00f3pez Obrador reconocer que en M\u00e9xico hay extraordinarios doctores y reprob\u00f3 que el Presidente financie un r\u00e9gimen que, sin duda aspira a copiar, \u201cpero no se lo vamos a permitir\u201d.<\/p>\n<p>Por su parte,\u00a0el diputado federal y presidente nacional del PRI, Alejandro Moreno, se\u00f1al\u00f3 que Morena miente sistem\u00e1ticamente y ha hecho de la manipulaci\u00f3n el sello de su gobierno. Acus\u00f3 al Presidente de la Rep\u00fablica de intervenir en el proceso electoral de las seis gubernaturas que se disputar\u00e1n el pr\u00f3ximo 5 de junio.<\/p>\n<p>En conferencia de prensa, acompa\u00f1ado del coordinador parlamentario, Rub\u00e9n Moreira e integrantes de la bancada priista, el dirigente tricolor dijo que desde el gobierno y desde Morena se han dedicado impunemente a meter las manos en el proceso electoral.<\/p>\n<p>Asegur\u00f3 que eso lo vimos durante la campa\u00f1a de 2021 y lo estamos viendo ahora en las entidades. \u201cNo se puede esperar nada de un partido liderado por un delincuente electoral confeso como lo es Mario Delgado. Ni de un gabinete federal que se la vive en campa\u00f1a\u201d, enfatiz\u00f3.<\/p>\n<p>En particular, exigi\u00f3 a los secretarios de Gobernaci\u00f3n, Ad\u00e1n Augusto L\u00f3pez, y de Relaciones Exteriores, Marcelo Ebrard, as\u00ed como a la Jefa de Gobierno, Claudia Sheinbaum, \u201cque no interfieran en la elecci\u00f3n, que saquen las manos de la elecci\u00f3n, porque es grotesco c\u00f3mo est\u00e1 metido el gobierno en la elecci\u00f3n\u201d.<\/p>\n<p>Acompa\u00f1ado por senadores y diputados de su partido, el dirigente priista indic\u00f3 que desde el gobierno de Morena se usan los programas sociales para presionar a los ciudadanos, para condicionar el voto.<\/p>\n<p style=\"text-align: center;\"><strong>Alto al Secuestro pone en duda cifras oficiales<\/strong><\/p>\n<p>\u00a0Los gobiernos estatales no logran consolidar la cifra de secuestro que reportan de manera mensual con los reportes de casos de secuestro, de los que mensualmente dan cuenta los medios de comunicaci\u00f3n, denunci\u00f3 la organizaci\u00f3n Alto al Secuestro.<\/p>\n<p>Mediante un comunicado, la organizaci\u00f3n asegur\u00f3 que tan s\u00f3lo en el mes de abril 2022, las cifras oficiales NO contaron con el 68% de las v\u00edctimas de secuestro, cuya informaci\u00f3n fue proporcionada por diversos medios de comunicaci\u00f3n locales.<\/p>\n<p>Propuso que se reestructuren las Unidades Antisecuestro y se les devuelva la especialidad que perdieron, que el personal est\u00e9 capacitado para actuar de inmediato con ayuda de equipo tecnol\u00f3gico y que se gane la confianza ciudadana para que las v\u00edctimas acudan a denunciar este delito.<\/p>\n<p>\u201cEste conjunto de factores nos acercar\u00e1n a la meta que es ERRADICAR el secuestro en M\u00e9xico\u201d, sostiene el comunicado de Alto al Secuestro.<\/p>\n<p>En su ajuste de cifras marzo 2022, mencion\u00f3 que el estado de Quer\u00e9taro agreg\u00f3 1 carpeta de investigaci\u00f3n a las reportadas en ese mes por el Secretariado Ejecutivo del Sistema Nacional de Seguridad P\u00fablica, adem\u00e1s de que hubo 5 casos localizados en medios de comunicaci\u00f3n por Alto al Secuestro fueron integrados en carpetas de investigaci\u00f3n que no aparec\u00edan en registros oficiales.<\/p>\n<p>Por otra parte, Alto al Secuestro reconoce que hubo una disminuci\u00f3n de 22.2 por ciento en las carpetas de investigaci\u00f3n iniciadas por el delito de secuestro. En el mes de abril 2022 hay registro de 70 carpetas, en comparaci\u00f3n con las 90 del pasado mes de marzo.<\/p>\n<p>En ese periodo disminuy\u00f3 16.8 por ciento en el n\u00famero de v\u00edctimas que sufrieron este delito, ya que durante el mes de abril 2022 hubo 104 v\u00edctimas mientras que en marzo fueron 125.<\/p>\n<p>Tambi\u00e9n se redujo 29.3 por ciento el n\u00famero de detenidos relacionados al delito de secuestro, debido a que en abril de 2022 fueron detenidas 65 personas por este delito mientras que en marzo fueron detenidos 92 presuntos responsables.<\/p>\n<p>Los estados con mayor incidencia en abril de 2022 fueron: M\u00e9xico y Veracruz, con 11 secuestros cada uno y Michoac\u00e1n, con seis.<\/p>\n<p><em><a href=\"mailto:riparcangel@hotmail.com\" target=\"_blank\" rel=\"noopener noreferrer\">riparcangel@hotmail.com<\/a><\/em><\/p>\n","protected":false},"excerpt":{"rendered":"<p><span style=\"color: #005497;\"><strong>Miguel \u00c1ngel Rivera<\/strong><\/span<\/span><\/p>\n","protected":false},"author":3,"featured_media":0,"comment_status":"open","ping_status":"open","sticky":false,"template":"","format":"standard","meta":{"_monsterinsights_skip_tracking":false,"_monsterinsights_sitenote_active":false,"_monsterinsights_sitenote_note":"","_monsterinsights_sitenote_category":0,"footnotes":""},"categories":[84119],"tags":[84120,84121,43674],"class_list":["post-547015","post","type-post","status-publish","format-standard","hentry","category-miguel-angel-rivera","tag-clase-politica","tag-miguel-angel-rivera","tag-opinion"],"_links":{"self":[{"href":"https:\/\/www.diarioimagen.net\/index.php?rest_route=\/wp\/v2\/posts\/547015","targetHints":{"allow":["GET"]}}],"collection":[{"href":"https:\/\/www.diarioimagen.net\/index.php?rest_route=\/wp\/v2\/posts"}],"about":[{"href":"https:\/\/www.diarioimagen.net\/index.php?rest_route=\/wp\/v2\/types\/post"}],"author":[{"embeddable":true,"href":"https:\/\/www.diarioimagen.net\/index.php?rest_route=\/wp\/v2\/users\/3"}],"replies":[{"embeddable":true,"href":"https:\/\/www.diarioimagen.net\/index.php?rest_route=%2Fwp%2Fv2%2Fcomments&post=547015"}],"version-history":[{"count":0,"href":"https:\/\/www.diarioimagen.net\/index.php?rest_route=\/wp\/v2\/posts\/547015\/revisions"}],"wp:attachment":[{"href":"https:\/\/www.diarioimagen.net\/index.php?rest_route=%2Fwp%2Fv2%2Fmedia&parent=547015"}],"wp:term":[{"taxonomy":"category","embeddable":true,"href":"https:\/\/www.diarioimagen.net\/index.php?rest_route=%2Fwp%2Fv2%2Fcategories&post=547015"},{"taxonomy":"post_tag","embeddable":true,"href":"https:\/\/www.diarioimagen.net\/index.php?rest_route=%2Fwp%2Fv2%2Ftags&post=547015"}],"curies":[{"name":"wp","href":"https:\/\/api.w.org\/{rel}","templated":true}]}}