{"id":547115,"date":"2022-05-20T00:03:26","date_gmt":"2022-05-20T05:03:26","guid":{"rendered":"https:\/\/www.diarioimagen.net\/?p=547115"},"modified":"2022-05-20T06:21:20","modified_gmt":"2022-05-20T11:21:20","slug":"a-la-red-vargas-nadie-la-para-dice-su-coordinador-en-edomex-juan-pedro-garcia","status":"publish","type":"post","link":"https:\/\/www.diarioimagen.net\/?p=547115","title":{"rendered":"A la \u201cRed Vargas\u201d nadie la para, dice su coordinador en Edomex, Juan Pedro Garc\u00eda"},"content":{"rendered":"<p>&nbsp;<\/p>\n<ul>\n<li><strong><em>Rumbo a la elecci\u00f3n para gobernador<\/em><\/strong><\/li>\n<\/ul>\n<p>&nbsp;<\/p>\n<h6>Arturo Baena<\/h6>\n<p>&nbsp;<\/p>\n<div id=\"attachment_547220\" style=\"width: 470px\" class=\"wp-caption aligncenter\"><img loading=\"lazy\" decoding=\"async\" aria-describedby=\"caption-attachment-547220\" class=\"size-full wp-image-547220\" src=\"https:\/\/www.diarioimagen.net\/wp-content\/uploads\/2022\/05\/del-villar.jpg\" alt=\"\" width=\"460\" height=\"270\" \/><p id=\"caption-attachment-547220\" class=\"wp-caption-text\">Juan Pedro Garc\u00eda, asegur\u00f3 que al proyecto ciudadano e incluyente que encabeza Enrique Vargas del Villar, cada vez m\u00e1s mexiquenses se suman y participan.<\/p><\/div>\n<p>&nbsp;<\/p>\n<p><strong>Valle de M\u00e9xico.\u2014<\/strong> El actual coordinador de la \u201cRed Vargas\u201d en el Estado de M\u00e9xico, Juan Pedro Garc\u00eda, asegur\u00f3 que al proyecto ciudadano e incluyente que encabeza Enrique Vargas, cada vez m\u00e1s mexiquenses se suman y participan.<\/p>\n<p>Lo anterior, durante la integraci\u00f3n de un importante grupo de vecinos en el municipio de San Jos\u00e9 del Rinc\u00f3n al proyecto de la red, quienes coreaban \u201cEnrique, \u00a1gobernador!\u201d.<\/p>\n<p>Asimismo, en el municipio de el Oro y Jiquipilco, Enrique Vargas del Villar mencion\u00f3 durante su discurso, que en cada uno de los municipios mexiquenses que ha visitado RV, la frase que est\u00e1 generando tendencia por su amplio significado es \u201cVamos por el Edom\u00e9x\u201d.<\/p>\n<p>Detall\u00f3, que m\u00e1s all\u00e1 de una frase o un discurso, en realidad representa todo el compromiso de trabajar por nuestro Estado de M\u00e9xico, porque tenemos un sue\u00f1o, una aspiraci\u00f3n y nuestra principal tarea es mejorar las condiciones de vida de cada familia mexiquense.<\/p>\n<p>Por su parte, Juan Pedro Garc\u00eda, asegur\u00f3 que el proyecto de \u201cRed Vargas\u201d, ya nadie lo para, estamos dando resultados en toda la Entidad y sumando a miles de ciudadanos que buscan hacer equipo y cambiar el rumbo para vivir mejor.<\/p>\n<p>Es evidente que Enrique Vargas, actual Coordinador Nacional de los Diputados Locales del Partido Acci\u00f3n Nacional, sigue ganando la simpat\u00eda y el apoyo de miles de ciudadanos de las decenas de municipios que recorre diariamente, con la firme intenci\u00f3n de encabezar el proyecto en el 2023, finaliz\u00f3.<\/p>\n","protected":false},"excerpt":{"rendered":"<p>El actual coordinador de la \u201cRed Vargas\u201d en el Estado de M\u00e9xico, Juan Pedro Garc\u00eda, asegur\u00f3 que al proyecto ciudadano e incluyente que encabeza Enrique Vargas, cada vez m\u00e1s mexiquenses se suman y participan.<\/p>\n","protected":false},"author":3,"featured_media":547220,"comment_status":"open","ping_status":"open","sticky":false,"template":"","format":"standard","meta":{"_monsterinsights_skip_tracking":false,"_monsterinsights_sitenote_active":false,"_monsterinsights_sitenote_note":"","_monsterinsights_sitenote_category":0,"footnotes":""},"categories":[5],"tags":[43675,69094,95515],"class_list":["post-547115","post","type-post","status-publish","format-standard","has-post-thumbnail","hentry","category-estado-de-mexico","tag-estado-de-mexico","tag-juan-pedro-garcia","tag-red-vargas"],"_links":{"self":[{"href":"https:\/\/www.diarioimagen.net\/index.php?rest_route=\/wp\/v2\/posts\/547115","targetHints":{"allow":["GET"]}}],"collection":[{"href":"https:\/\/www.diarioimagen.net\/index.php?rest_route=\/wp\/v2\/posts"}],"about":[{"href":"https:\/\/www.diarioimagen.net\/index.php?rest_route=\/wp\/v2\/types\/post"}],"author":[{"embeddable":true,"href":"https:\/\/www.diarioimagen.net\/index.php?rest_route=\/wp\/v2\/users\/3"}],"replies":[{"embeddable":true,"href":"https:\/\/www.diarioimagen.net\/index.php?rest_route=%2Fwp%2Fv2%2Fcomments&post=547115"}],"version-history":[{"count":0,"href":"https:\/\/www.diarioimagen.net\/index.php?rest_route=\/wp\/v2\/posts\/547115\/revisions"}],"wp:featuredmedia":[{"embeddable":true,"href":"https:\/\/www.diarioimagen.net\/index.php?rest_route=\/wp\/v2\/media\/547220"}],"wp:attachment":[{"href":"https:\/\/www.diarioimagen.net\/index.php?rest_route=%2Fwp%2Fv2%2Fmedia&parent=547115"}],"wp:term":[{"taxonomy":"category","embeddable":true,"href":"https:\/\/www.diarioimagen.net\/index.php?rest_route=%2Fwp%2Fv2%2Fcategories&post=547115"},{"taxonomy":"post_tag","embeddable":true,"href":"https:\/\/www.diarioimagen.net\/index.php?rest_route=%2Fwp%2Fv2%2Ftags&post=547115"}],"curies":[{"name":"wp","href":"https:\/\/api.w.org\/{rel}","templated":true}]}}