{"id":547123,"date":"2022-05-20T00:01:57","date_gmt":"2022-05-20T05:01:57","guid":{"rendered":"https:\/\/www.diarioimagen.net\/?p=547123"},"modified":"2022-05-20T05:43:05","modified_gmt":"2022-05-20T10:43:05","slug":"el-proximo-domingo-22-el-presidente-andres-manuel-lopez-obrador-inaugurara-la-46-edicion-del-tianguis-turistico","status":"publish","type":"post","link":"https:\/\/www.diarioimagen.net\/?p=547123","title":{"rendered":"El pr\u00f3ximo domingo 22, el presidente Andr\u00e9s Manuel L\u00f3pez Obrador, inaugurar\u00e1 la 46 edici\u00f3n del Tianguis Tur\u00edstico"},"content":{"rendered":"<h2>De cinco estrellas<\/h2>\n<h5>Victoria Gonz\u00e1lez Prado<\/h5>\n<p>&nbsp;<\/p>\n<ul>\n<li><em><strong>La Feria Nacional del Queso y el Vino en Tequisquiapan inicia este fin de semana<\/strong><\/em><\/li>\n<li><em><strong>La arrendadora Avis es la primera en Latinoam\u00e9rica que ofrece autos el\u00e9ctricos\u00a0\u00a0<\/strong><\/em><\/li>\n<\/ul>\n<p>&nbsp;<\/p>\n<div id=\"attachment_547198\" style=\"width: 470px\" class=\"wp-caption aligncenter\"><a href=\"https:\/\/www.diarioimagen.net\/?attachment_id=547198\" rel=\"attachment wp-att-547198\"><img loading=\"lazy\" decoding=\"async\" aria-describedby=\"caption-attachment-547198\" class=\"size-full wp-image-547198\" src=\"https:\/\/www.diarioimagen.net\/wp-content\/uploads\/2022\/05\/turismo-7.jpg\" alt=\"\" width=\"460\" height=\"270\" \/><\/a><p id=\"caption-attachment-547198\" class=\"wp-caption-text\">El Tianguis Tur\u00edstico 2022 ser\u00e1 inaugurado el domingo.<\/p><\/div>\n<p>&nbsp;<\/p>\n<p>Uno de los eventos m\u00e1s importantes para la industria sin chimeneas, el Tianguis Tur\u00edstico en su versi\u00f3n 46, ser\u00e1 inaugurado el pr\u00f3ximo domingo 22 por el presidente <strong>Andr\u00e9s Manuel L\u00f3pez Obrador<\/strong>.<\/p>\n<p>De acuerdo con <strong>Miguel Torruco<\/strong> <strong>Marqu\u00e9s<\/strong>, secretario de Turismo federal, se tiene confirmada la participaci\u00f3n de los 32 estados; adem\u00e1s de contar con mil 200 expositores de 785 empresas y mil 94 compradores de 699 organizaciones.<\/p>\n<p>Por su parte, el secretario de Turismo de Guerrero, <strong>Santos Ram\u00edrez Cuevas<\/strong>, asegur\u00f3 que el gobierno de Guerrero est\u00e1 listo para recibir a los delegados de 65 pa\u00edses que vienen a concretar citas de negocios con prestadores de servicios y que por primera vez recorrer\u00e1n Taxco, Chilpancingo e Ixtapa Zihuatanejo para que conozcan de primera mano la oferta tur\u00edstica que tiene el estado, inform\u00f3.<\/p>\n<p>\u00a8Los delegados internacionales ser\u00e1n guiados en tour que inicia en Taxco de Alarc\u00f3n donde ver\u00e1n la cultura tradicional con un desfile de catrinas, muestra de motos, en el <em>Down Hill,<\/em> feria mexicana, degustar\u00e1n comida t\u00edpica y recorreran las grutas de Cacahuamilpa.<\/p>\n<p>\u201cEn Chilpancingo degustar\u00e1n el mezcal y pozole; en recorrido que incluye visita a Coyuca de Ben\u00edtez donde liberar\u00e1n tortugas y se mostrar\u00e1n las bellezas de las playas hasta llegar a Ixtapa Zihuatanejo donde probar\u00e1n la gastronom\u00eda y conocer\u00e1n la oferta tur\u00edstica de la zona\u201d, dijo <strong>Ram\u00edrez Cuevas<\/strong>.<\/p>\n<p>Por \u00faltimo indic\u00f3 que a la inauguraci\u00f3n acudir\u00e1n alededor de dos mil personas y se respetar\u00e1n todas las medidas de higiene y seguridad.<\/p>\n<p>Al mismo tiempo, la secretaria de Fomento y Desarrollo Econ\u00f3mico, <strong>Teodora Ram\u00edrez Vega<\/strong> se\u00f1al\u00f3 que de manera simult\u00e1nea se realizar\u00e1 el Festival del Pozole y el Mezcal en el Centro de Convenciones del 20 al 22 de mayo para ofertar la gran variedad de mezcal que se produce en Guerrero y as\u00ed aprovechar la visita de los delegados extranjeros que tendr\u00e1n distintas opciones para dar a los touroperadores que vienen a citas de negocios.<\/p>\n<p>\u2730\u2730\u2730\u2730\u2730 Un mill\u00f3n de turistas visitan al a\u00f1o la Ruta de los Vinos de Quer\u00e9taro, \u2014segundo producto tur\u00edstico de mayor relevancia para la entidad\u2014 y es la zona vitivin\u00edcola m\u00e1s visitada del pa\u00eds, dijo <strong>Mariela Moran Ocampo<\/strong>, secretaria de Turismo de la entidad.<\/p>\n<p>Adem\u00e1s, Quer\u00e9taro cuenta con el primer Cl\u00faster Vitivin\u00edcola en el pa\u00eds, esfuerzo que impulsa la industria del vino y concreta esfuerzos entre el gobierno, los empresarios y la academia, agreg\u00f3 la secretaria durante su participaci\u00f3n en la presentaci\u00f3n de la 42 edici\u00f3n de la Feria Nacional del Queso y el Vino de Tequisquiapan 2022.<\/p>\n<p>La feria, que fue suspendida hace dos a\u00f1os por la pandemia, vuelve a realizarse los tres fines de semana del 20 de mayo al 5 de junio, en el Parque La Pila, en el Centro Hist\u00f3rico de este Pueblo M\u00e1gico.<\/p>\n<p>La titular de la Sectur en el estado detall\u00f3 que hay gran diversidad de actividades, catas y promoci\u00f3n de la cultura para la degustaci\u00f3n del vino y la gastronom\u00eda que despertar\u00e1 el inter\u00e9s de turistas de todo el pa\u00eds.<\/p>\n<p>\u201cPara disfrutar del evento se reunir\u00e1n vin\u00edcolas de M\u00e9xico, queser\u00edas, restaurantes, presentaciones art\u00edsticas y sobre todo la calidez que tienen los queretanos\u201d subray\u00f3.<\/p>\n<p><strong>Antonio Mej\u00eda Lira<\/strong>, presidente municipal de Tequisquiapan, asegur\u00f3 que esta feria es una invitaci\u00f3n para apreciar, refinar y disfrutar distintas etiquetas de vino y que conozcan t\u00e9cnicas b\u00e1sicas para la elecci\u00f3n y degustaci\u00f3n de vinos y quesos en catas y maridajes, que se combinar\u00e1n con el arte y la m\u00fasica.<\/p>\n<p>En esta ocasi\u00f3n, el pa\u00eds invitado a la Feria Nacional del Queso y el Vino, es Espa\u00f1a que ofrecer\u00e1 muestra de vinos, gastronom\u00eda y expresiones art\u00edsticas.<\/p>\n<p>Tambi\u00e9n habr\u00e1 exposiciones de quesos, en voz de los propios productores queretanos, catas de vino, y catas-pasarelas a beneficio de diversas asociaciones civiles, cada fin de semana, a cargo de reconocidos dise\u00f1adores como, <strong>Pineda Coval\u00edn<\/strong> y <strong>Sindashi<\/strong> arte prehisp\u00e1nico en moda, subastas de arte, actividades para ni\u00f1os y la participaci\u00f3n de reconocidos m\u00fasicos y cantaores de flamenco.<\/p>\n<p>Destaca la participaci\u00f3n de <strong>Ana Torroja<\/strong> durante la inauguraci\u00f3n y la actuaci\u00f3n del grupo <em>Matisse<\/em>, <em>K\u00e1psula<\/em>, Gabriel C, <em>Koktel,<\/em> Karina Catal\u00e1n, DJ Ricardo Mu\u00f1oz y el espect\u00e1culo de El Divo, entre otros artistas y bandas.<\/p>\n<p>Habr\u00e1 presentaciones complementarias en tres distintos escenarios con espect\u00e1culos circenses, danza a\u00e9rea, malabares y contorsiones, conciertos de m\u00fasica <em>pop, rock, jazz, folk, soul<\/em> y <em>covers<\/em> entre otros.<\/p>\n<p>Cada fin de semana, informaron, tendr\u00e1 tem\u00e1tica especial inspirada en los colores del vino: el primer fin de semana, ser\u00e1 la \u201cCelebraci\u00f3n en blanco\u201d, para celebrar el regreso de la Feria. El segundo, ser\u00e1 \u201cLa vie en rose\u201d, para fetejar los momentos especiales que ofrece la vida y el \u00faltimo y tercer fin de semana ser\u00e1, \u201cAmor y Tinto\u201d, que festejar\u00e1 el amor y la armon\u00eda.<\/p>\n<p>Se espera que en esta vuelta a la feria 2022, lleguen m\u00e1s de 60 mil visitantes y genere una derrama econ\u00f3mica de 120 millones de pesos. El costo de acceso ser\u00e1 de 250 pesos.<\/p>\n<p>\u2730\u2730\u2730\u2730\u2730 En lo que va de este 2022 Avis celebra que se convirti\u00f3 en la primera arrendadora con autos <em>Tesla<\/em> en Latinoam\u00e9rica al ofrecer nueva experiencia de viaje sustentable, diferente e innovador. Con esta nueva flota de autos el\u00e9ctricos, reforz\u00f3 su compromiso de ser empresa socialmente responsable.<\/p>\n<p>Tambi\u00e9n recibi\u00f3 el reconocimiento\u00a0S\u00faper Empresa 2022, otorgado por Expansi\u00f3n y <em>TOP Companies,<\/em> que se encargan de otorgar esta distinci\u00f3n a las empresas \u201cen donde todos quieren trabajar\u201d, son compa\u00f1\u00edas que ofrecen culturas s\u00f3lidas, l\u00edderes involucrados, inter\u00e9s genuino en la mejora continua, servicio impecable, calidad en sus productos, colaboradores comprometidos, condiciones laborales adecuadas y rentables, pero, sobre todo, humanas.<\/p>\n<p>Al respecto <strong>Eddy Breach<\/strong>, director de Marketing para M\u00e9xico dijo: \u201ces un orgullo este reconocimiento y queremos reafirmar que estamos comprometidos con nuestros clientes y su seguridad, as\u00ed como con nuestros empleados y el ambiente laboral que ofrecemos. Nos encargaremos de seguir mejorando para ofrecer siempre los mejores servicios y la mejor atenci\u00f3n y brindar un espacio de trabajo donde nuestros empleados se sientan satisfechos\u201d.\u00a0\u00a0<em>\u00a0\u00a0<\/em><\/p>\n<p>Asimismo, Avis\u00a0se convirti\u00f3, por primera vez, en la\u00a0arrendadora de autos n\u00famero uno en M\u00e9rida, Yucat\u00e1n al lograr el mayor n\u00famero de transacciones del sector de arrendamiento de autos en el aeropuerto de esta ciudad donde se encuentran autos <em>Tesla Model 3,<\/em> al igual que en Ciudad de M\u00e9xico, Guadalajara, Monterrey y Canc\u00fan.<\/p>\n<p>La arrendadora participar\u00e1 en el\u00a0\u201cTianguis Tur\u00edstico 2022, con el objetivo de reforzar sus relaciones comerciales con clientes y abrir canales de comunicaci\u00f3n a nuevos socios.<\/p>\n<p>&nbsp;<\/p>\n<blockquote>\n<p style=\"text-align: right;\">\u201c<strong>El<\/strong> <strong>\u00e1ngel de la fama tiene sus alas hechas de papel&#8230; peri\u00f3dico\u201d.<br \/>\n<\/strong><\/p>\n<\/blockquote>\n<p>&nbsp;<\/p>\n<p><em><span class=\"Apple-converted-space\"><a href=\"mailto:victoriagprado@gmail.com\" target=\"_blank\" rel=\"noopener noreferrer\">victoriagprado@gmail.com<\/a><br \/>\nTwitter: <a href=\"https:\/\/twitter.com\/victoriagprado\" target=\"_blank\" rel=\"noopener noreferrer\">@victoriagprado<\/a><\/span><\/em><\/p>\n<p>&nbsp;<\/p>\n","protected":false},"excerpt":{"rendered":"<p>Uno de los eventos m\u00e1s importantes para la industria sin chimeneas, el Tianguis Tur\u00edstico en su versi\u00f3n 46, ser\u00e1 inaugurado el pr\u00f3ximo domingo 22 por el presidente <strong>Andr\u00e9s Manuel L\u00f3pez Obrador<\/strong>.<\/p>\n","protected":false},"author":3,"featured_media":547198,"comment_status":"open","ping_status":"open","sticky":false,"template":"","format":"standard","meta":{"_monsterinsights_skip_tracking":false,"_monsterinsights_sitenote_active":false,"_monsterinsights_sitenote_note":"","_monsterinsights_sitenote_category":0,"footnotes":""},"categories":[11],"tags":[107,43674,106],"class_list":["post-547123","post","type-post","status-publish","format-standard","has-post-thumbnail","hentry","category-turismo","tag-de-cinco-estrellas","tag-opinion","tag-victoria-gonzalez-prado"],"_links":{"self":[{"href":"https:\/\/www.diarioimagen.net\/index.php?rest_route=\/wp\/v2\/posts\/547123","targetHints":{"allow":["GET"]}}],"collection":[{"href":"https:\/\/www.diarioimagen.net\/index.php?rest_route=\/wp\/v2\/posts"}],"about":[{"href":"https:\/\/www.diarioimagen.net\/index.php?rest_route=\/wp\/v2\/types\/post"}],"author":[{"embeddable":true,"href":"https:\/\/www.diarioimagen.net\/index.php?rest_route=\/wp\/v2\/users\/3"}],"replies":[{"embeddable":true,"href":"https:\/\/www.diarioimagen.net\/index.php?rest_route=%2Fwp%2Fv2%2Fcomments&post=547123"}],"version-history":[{"count":0,"href":"https:\/\/www.diarioimagen.net\/index.php?rest_route=\/wp\/v2\/posts\/547123\/revisions"}],"wp:featuredmedia":[{"embeddable":true,"href":"https:\/\/www.diarioimagen.net\/index.php?rest_route=\/wp\/v2\/media\/547198"}],"wp:attachment":[{"href":"https:\/\/www.diarioimagen.net\/index.php?rest_route=%2Fwp%2Fv2%2Fmedia&parent=547123"}],"wp:term":[{"taxonomy":"category","embeddable":true,"href":"https:\/\/www.diarioimagen.net\/index.php?rest_route=%2Fwp%2Fv2%2Fcategories&post=547123"},{"taxonomy":"post_tag","embeddable":true,"href":"https:\/\/www.diarioimagen.net\/index.php?rest_route=%2Fwp%2Fv2%2Ftags&post=547123"}],"curies":[{"name":"wp","href":"https:\/\/api.w.org\/{rel}","templated":true}]}}