{"id":547139,"date":"2022-05-20T00:00:08","date_gmt":"2022-05-20T05:00:08","guid":{"rendered":"https:\/\/www.diarioimagen.net\/?p=547139"},"modified":"2022-05-20T03:54:59","modified_gmt":"2022-05-20T08:54:59","slug":"continua-jornada-de-vacunacion-contra-la-covid-19-en-cancun","status":"publish","type":"post","link":"https:\/\/www.diarioimagen.net\/?p=547139","title":{"rendered":"Contin\u00faa jornada de vacunaci\u00f3n contra la Covid-19, en Canc\u00fan"},"content":{"rendered":"<h2>Hora 14<\/h2>\n<h5>Mauricio Conde Olivares<\/h5>\n<p>&nbsp;<\/p>\n<p>CleverTap, l\u00edder de retenci\u00f3n y engagement del cliente multicanal, anunci\u00f3 ayer que ha firmado acuerdos definitivos para adquirir completamente Leanplum, con sede en San Francisco, una plataforma l\u00edder de engagement del cliente multicanal.<\/p>\n<p>CleverTap es una nube de retenci\u00f3n moderna e integrada que permite a las marcas de consumidores digitales aumentar la retenci\u00f3n de clientes y el valor de por vida. Para las marcas que comprenden y valoran la retenci\u00f3n de usuarios, CleverTap impulsa el contexto y la individualizaci\u00f3n con la ayuda de una capa de datos unificada y profunda, conocimientos y automatizaci\u00f3n basados \u200b\u200ben IA \/ ML. Clientes de todo el mundo que representan m\u00e1s de 10,000 aplicaciones, incluidas Vodafone Idea, SonyLIV, Daimler, Gojek, Carousell y Premier League, en M\u00e9xico Kavak, Albo, Flink y PayClip conf\u00edan en CleverTap para lograr sus objetivos de retenci\u00f3n y engagement, aumentando sus ingresos a largo plazo.<\/p>\n<p>CleverTap cuenta con el respaldo de firmas l\u00edderes de capital de riesgo, como Sequoia India, Tiger Global Management y Accel. Tiene su sede en Mountain View, California y oficinas en Mumbai, Singapur y Dubai. Para obtener m\u00e1s informaci\u00f3n, visite clevertap.com o s\u00edganos en LinkedIn y Twitter.<\/p>\n<p>Esta adquisici\u00f3n convertir\u00e1 a CleverTap en una empresa verdaderamente global con centros de desarrollo y equipos de \u00e9xito para sus clientes localizados en Am\u00e9rica del Norte, Europa, Am\u00e9rica Latina, India, el Sudeste Asi\u00e1tico y Oriente Medio.<\/p>\n<p>Con su amplia experiencia, estas dos organizaciones mejorar\u00e1n las capacidades de CleverTap para sumar a su base un total de m\u00e1s de 1,000 clientes en m\u00e1s de 100 pa\u00edses de todo el mundo. Se espera que el acuerdo se cierre en el segundo trimestre de 2022.<\/p>\n<p>Juntos, CleverTap y Leanplum trabajar\u00e1n con marcas digitales para ayudar a aumentar el engagement, la retenci\u00f3n y el valor de por vida de sus usuarios al hacer que cada experiencia del usuario sea hiperpersonalizada, relevante y contextual a escala en tiempo real. A medida que m\u00e1s empresas se vuelven digitales, las marcas necesitan brindar a sus usuarios el mejor producto en el lugar donde est\u00e9n, en el tiempo que requieran hacerlo y por el canal de su preferencia.<\/p>\n<p>CleverTap y Leanplum ahora traer\u00e1n hiperpersonalizaci\u00f3n en tiempo real, pruebas A \/ B y una mayor escalabilidad a sus l\u00edneas de productos de omnicanal engagement, an\u00e1lisis y segmentaci\u00f3n. Como resultado, los equipos de crecimiento y marketing a nivel mundial ahora podr\u00e1n utilizar la \u00fanica plataforma de engagement y retenci\u00f3n de usuarios de extremo a extremo, lo que les permitir\u00e1 romper los silos de comunicaci\u00f3n del usuario y aumentar el valor general de por vida de cada usuario.<\/p>\n<p>\u201cEstamos viendo un cambio s\u00edsmico en el panorama de la tecnolog\u00eda de marketing\u201d, dijo Sunil Thomas, cofundador y presidente ejecutivo de CleverTap. \u201cLos usuarios de hoy exigen ser tratados como individuos, y esto ha obligado a las marcas a cambiar la forma en que se relacionan con ellos. CleverTap y Leanplum se han dise\u00f1ado a prop\u00f3sito para un mundo omnicanal centrado en los dispositivos m\u00f3viles\u201d.<\/p>\n<p>La adquisici\u00f3n, cit\u00f3, combina plataformas y equipos para ofrecer las mejores herramientas de engagement, segmentaci\u00f3n y analytics que permitir\u00e1n a las marcas digitales construir relaciones valiosas y a largo plazo con sus usuarios. \u201cNuestra fuerza combinada ser\u00e1 una fuerza que cambiar\u00e1 el juego para el engagement, retenci\u00f3n y monetizaci\u00f3n de los usuarios, creando un tremendo valor para nuestros clientes. Estoy muy emocionado de dar la bienvenida a Leanplum a la familia CleverTap\u201d.<\/p>\n<p>\u201cCuando comenzamos Leanplum, nuestra visi\u00f3n era satisfacer las necesidades en tiempo real de los clientes a la vanguardia de la tecnolog\u00eda\u201d, dice Momchil Kyurkchiev, cofundador y director de productos de Leanplum. \u201cHemos tenido \u00e9xito en eso, pero a medida que el mercado ha madurado para satisfacer plenamente las crecientes demandas impuestas a las marcas hoy en d\u00eda, necesit\u00e1bamos incorporar las mejores herramientas de engagement, segmentaci\u00f3n y analytics, para ayudar a nuestros clientes a construir relaciones valiosas y a largo plazo. Es por eso que unir fuerzas con CleverTap tiene m\u00e1s sentido, y estoy entusiasmado con las capacidades combinadas que ahora brindaremos a los clientes de Leanplum en todo el mundo\u201d.<\/p>\n<p>\u201cEstoy deseando que arranquemos operaciones con Leanplum. Esta uni\u00f3n marca un momento monumental en todo el panorama de la tecnolog\u00eda de marketing\u201d, a\u00f1adi\u00f3 Sidharth Malik, Director Ejecutivo de CleverTap.<\/p>\n<p>\u201cEsto cierra la brecha creada por m\u00faltiples herramientas martech y plataformas de datos de clientes y satisfar\u00e1 las crecientes necesidades de las marcas digitales obsesionadas con los usuarios de una manera mucho m\u00e1s eficiente. Nuestra visi\u00f3n de \u201cmejor juntos\u201d se trata de integrar nuestras fortalezas acumulativas en torno a las personas, los procesos y la tecnolog\u00eda para consolidar nuestra posici\u00f3n como l\u00edder mundial en engagement y retenci\u00f3n de usuarios. Unir fuerzas nos permite brindar capacidades avanzadas de productos y tecnolog\u00eda a medida que las marcas se esfuerzan por realizar una segmentaci\u00f3n en vivo, anticipar las intenciones y acciones de los usuarios, automatizar e implementar campa\u00f1as en tiempo real para obtener las mayores conversiones posibles, todo desde un solo panel de control\u201d, finaliz\u00f3 Sidharth Malik.<\/p>\n<p>A su vez, el Ayuntamiento de Benito Ju\u00e1rez comparti\u00f3 el anuncio del Plan Nacional de Vacunaci\u00f3n Covid-19, ya que se lleva a cabo una jornada de aplicaci\u00f3n del biol\u00f3gico de la marca Cansino para personas de 18 a\u00f1os en adelante que requieran primera dosis o primera dosis de refuerzo, ayer jueves 19 y hoy viernes 20 de mayo.<\/p>\n<p>Las brigadas atender\u00e1n \u00fanicamente en el domo \u201cToro Valenzuela\u201d, en las inmediaciones de la Supermanzana 70, de 8:00 a 17:00 horas, para los rezagados que no tengan primera dosis o quienes ya cuenten con las dos primeras y hayan pasado cuatro meses de la \u00faltima para recibir el refuerzo.<\/p>\n<p>Se pide para primera dosis: registro de vacuna impreso con c\u00f3digo QR, as\u00ed como copias de comprobante de domicilio y CURP actualizada, adem\u00e1s de presentar la identificaci\u00f3n oficial original; mientras que para el primer refuerzo, agregar el comprobante de aplicaci\u00f3n de la primera y segunda vacuna, ya sea las boletas individuales o el certificado de ambas.<\/p>\n<p>Como nota importante se indica que la dosis de refuerzo es independiente de la marca que les haya tocado en las dos primeras vacunas.<\/p>\n<p>Para cualquier informaci\u00f3n, se pone a disposici\u00f3n los n\u00fameros: 9988 92 85 16 y 9988 98 22 21.<\/p>\n<p>Por otra parte, le informo que el Instituto Mexicano del Seguro Social (IMSS) en Quintana Roo, recibi\u00f3 39 sillas de ruedas para mejorar la atenci\u00f3n y traslado de pacientes en unidades m\u00e9dicas y hospitalarias de esta Instituci\u00f3n en la entidad.<\/p>\n<p>El Grupo de Voluntarias del IMSS en Quintana Roo, que encabeza la presidenta honoraria, se\u00f1ora Olivia S\u00e1nchez Vidauri, fue el conducto para la operaci\u00f3n y log\u00edstica de estas donaciones, ya que no solamente recibi\u00f3 y distribuy\u00f3 los insumos, sino tambi\u00e9n le dio formalidad al cumplir con los protocolos institucionales.<\/p>\n<p>El Jefe de Prestaciones M\u00e9dicas en Quintana Roo, doctor Gustavo Prieto Torres, reconoci\u00f3 y celebr\u00f3 que existan personas, organizaciones y empresas con gran esp\u00edritu de hermandad y solidaridad, expresado en estas donaciones.<\/p>\n<p>Destac\u00f3 que tambi\u00e9n se recibieron cuatro mesas de exploraci\u00f3n y dos pantallas para el \u00e1rea Oncolog\u00eda Pedi\u00e1trica, donde opera el Programa ONCOCREAN, que contribuir\u00e1n a hacer m\u00e1s amena la estancia de los menores durante su tratamiento.<\/p>\n<p>El Grupo de Voluntarias del IMSS se re\u00fane todos martes en el Hospital General de Zona (HGZ) No. 1, de Chetumal y los mi\u00e9rcoles en el Hospital General Regional (HGR) No. 17, de Canc\u00fan a las 8:00 de la ma\u00f1ana en \u00e1reas de espera para la actividad del \u201cCafecito\u201d, con la que se hace entrega de un refrigerio a pacientes y familiares en espera de atenci\u00f3n m\u00e9dica; empero, lo anterior ser\u00e1 motivo de otro an\u00e1lisis en posterior entrega de <strong><em>Hora 14<\/em><\/strong>.<\/p>\n<p><em><a href=\"mailto:%20mauricio_conde@msn.com\" target=\"_blank\" rel=\"noopener noreferrer\">mauricioconde59@outlook.com<\/a><\/em><br \/>\n<em><a href=\"https:\/\/twitter.com\/mauconde\" target=\"_blank\" rel=\"noopener noreferrer\">@mauconde<\/a> <\/em><br \/>\n<em><a href=\"https:\/\/mauriciocondeblog.wordpress.com\" target=\"_blank\" rel=\"noopener noreferrer\">https:\/\/mauriciocondeblog.wordpress.com<\/a><\/em><\/p>\n","protected":false},"excerpt":{"rendered":"<p><span style=\"color: #005497;\"><strong>Mauricio Conde Olivares<\/strong><\/span><\/p>\n","protected":false},"author":3,"featured_media":0,"comment_status":"open","ping_status":"open","sticky":false,"template":"","format":"standard","meta":{"_monsterinsights_skip_tracking":false,"_monsterinsights_sitenote_active":false,"_monsterinsights_sitenote_note":"","_monsterinsights_sitenote_category":0,"footnotes":""},"categories":[35889],"tags":[43712,43674,44860],"class_list":["post-547139","post","type-post","status-publish","format-standard","hentry","category-mauricio-conde-olivares","tag-mauricio-conde-olivares","tag-opinion","tag-hora-14"],"_links":{"self":[{"href":"https:\/\/www.diarioimagen.net\/index.php?rest_route=\/wp\/v2\/posts\/547139","targetHints":{"allow":["GET"]}}],"collection":[{"href":"https:\/\/www.diarioimagen.net\/index.php?rest_route=\/wp\/v2\/posts"}],"about":[{"href":"https:\/\/www.diarioimagen.net\/index.php?rest_route=\/wp\/v2\/types\/post"}],"author":[{"embeddable":true,"href":"https:\/\/www.diarioimagen.net\/index.php?rest_route=\/wp\/v2\/users\/3"}],"replies":[{"embeddable":true,"href":"https:\/\/www.diarioimagen.net\/index.php?rest_route=%2Fwp%2Fv2%2Fcomments&post=547139"}],"version-history":[{"count":0,"href":"https:\/\/www.diarioimagen.net\/index.php?rest_route=\/wp\/v2\/posts\/547139\/revisions"}],"wp:attachment":[{"href":"https:\/\/www.diarioimagen.net\/index.php?rest_route=%2Fwp%2Fv2%2Fmedia&parent=547139"}],"wp:term":[{"taxonomy":"category","embeddable":true,"href":"https:\/\/www.diarioimagen.net\/index.php?rest_route=%2Fwp%2Fv2%2Fcategories&post=547139"},{"taxonomy":"post_tag","embeddable":true,"href":"https:\/\/www.diarioimagen.net\/index.php?rest_route=%2Fwp%2Fv2%2Ftags&post=547139"}],"curies":[{"name":"wp","href":"https:\/\/api.w.org\/{rel}","templated":true}]}}