{"id":547260,"date":"2022-05-23T00:02:59","date_gmt":"2022-05-23T05:02:59","guid":{"rendered":"https:\/\/www.diarioimagen.net\/?p=547260"},"modified":"2022-05-23T06:24:31","modified_gmt":"2022-05-23T11:24:31","slug":"se-le-va-a-cerrar-el-paso-a-morena-en-edomex-azar-figueroa-y-vargas-del-villar","status":"publish","type":"post","link":"https:\/\/www.diarioimagen.net\/?p=547260","title":{"rendered":"Se le va a cerrar el paso a Morena en Edomex: Azar Figueroa y Vargas del Villar"},"content":{"rendered":"<p>&nbsp;<\/p>\n<ul>\n<li><strong><em>Reforzar\u00e1n la alianza Va por M\u00e9xico para 2023<\/em><\/strong><\/li>\n<\/ul>\n<p>&nbsp;<\/p>\n<h6>Arturo Baena<\/h6>\n<p>&nbsp;<\/p>\n<div id=\"attachment_547408\" style=\"width: 470px\" class=\"wp-caption aligncenter\"><a href=\"https:\/\/www.diarioimagen.net\/?attachment_id=547408\" rel=\"attachment wp-att-547408\"><img loading=\"lazy\" decoding=\"async\" aria-describedby=\"caption-attachment-547408\" class=\"size-full wp-image-547408\" src=\"https:\/\/www.diarioimagen.net\/wp-content\/uploads\/2022\/05\/naucalpan-13.jpg\" alt=\"\" width=\"460\" height=\"270\" \/><\/a><p id=\"caption-attachment-547408\" class=\"wp-caption-text\">Anuar Azar Figueroa y Enrique Vargas del Villar afirman que el PAN en el Estado de M\u00e9xico est\u00e1 listo para ganar los procesos en la entidad y luego la Presidencia de la Rep\u00fablica\u201d.<\/p><\/div>\n<p>&nbsp;<\/p>\n<p><strong>Naucalpan, Estado de M\u00e9xico<\/strong>.\u2014 Se le va a cerrar el paso a Morena en el Estado de M\u00e9xico. Hoy, el PAN est\u00e1 listo para defender la coalici\u00f3n \u201cVa por el Estado de M\u00e9xico\u201d y, desde luego, seguimos trabajando para unificar y posicionar a\u00fan m\u00e1s a nuestro partido, aqu\u00ed se demuestra la unidad y fortaleza de Acci\u00f3n Nacional.<\/p>\n<p>Afirmaron Anuar Azar Figueroa y Enrique Vargas del Villar, presidente estatal y diputado local respectivamente, durante una reuni\u00f3n en la que volvieron a las filas de ese instituto pol\u00edtico ex alcaldes como son Alejandro Gami\u00f1o, quien fuera edil en Coacalco, entre otros.<\/p>\n<p>En ese sentido, Anuar Azar, reiter\u00f3 que el \u201cej\u00e9rcito\u201d panista est\u00e1 listo para defender la coalici\u00f3n entre el PAN, PRI y PRD en la entidad mexiquense e insisti\u00f3 que \u201cel abanderado para la gubernatura debe ser aqu\u00e9l que garantice el triunfo en 2023 y sin duda que el mejor posicionado es mi amigo Enrique Vargas del Villar\u201d, dijo.<\/p>\n<p>Asimismo, prometi\u00f3 que el panismo mexiquense trabajar\u00e1 en unidad para apoyar a quien resulte candidata o candidato del PAN a la Presidencia de la Rep\u00fablica en 2024.<\/p>\n<p>Por su parte, Enrique Vargas del Villar, coordinador de la fracci\u00f3n del PAN en el Congreso Mexiquense, manifest\u00f3 qu\u00e9\u00a0 \u201cseguiremos recorriendo los municipios del Estado de M\u00e9xico para escuchar y atender las demandas m\u00e1s apremiantes de las familias para que desde la C\u00e1mara de Diputados podamos ayudarles\u201d.<\/p>\n<p>Enrique Vargas del Villar ha realizado giras de trabajo por el municipio de Valle de Bravo, Ecatepec, Naucalpan, entre otros en d\u00f3nde se reuni\u00f3 con simpatizantes del grupo pol\u00edtico \u201cRed Vargas\u201d\u00a0 en d\u00f3nde manifest\u00f3 su descontento por el anuncio que hiciera el presidente Andr\u00e9s Manuel L\u00f3pez Obrador contratar a 500 m\u00e9dicos cubanos. Dijo que M\u00e9xico cuenta con profesionales de la medicina altamente capacitados.<\/p>\n<p>Finalmente, los dirigentes panistas concluyeron manifestando qu\u00e9: \u201cel PAN en el Estado de M\u00e9xico, est\u00e1 listo para ganar los procesos en la entidad y luego la Presidencia de la Rep\u00fablica\u201d.<\/p>\n","protected":false},"excerpt":{"rendered":"<p>Se le va a cerrar el paso a Morena en el Estado de M\u00e9xico. Hoy, el PAN est\u00e1 listo para defender la coalici\u00f3n \u201cVa por el Estado de M\u00e9xico\u201d y, desde luego, seguimos trabajando para unificar y posicionar a\u00fan m\u00e1s a nuestro partido, aqu\u00ed se demuestra la unidad y fortaleza de Acci\u00f3n Nacional.<\/p>\n","protected":false},"author":3,"featured_media":547408,"comment_status":"open","ping_status":"open","sticky":false,"template":"","format":"standard","meta":{"_monsterinsights_skip_tracking":false,"_monsterinsights_sitenote_active":false,"_monsterinsights_sitenote_note":"","_monsterinsights_sitenote_category":0,"footnotes":""},"categories":[5],"tags":[43675,20663,970,362],"class_list":["post-547260","post","type-post","status-publish","format-standard","has-post-thumbnail","hentry","category-estado-de-mexico","tag-estado-de-mexico","tag-morena","tag-naucalpan","tag-pri"],"_links":{"self":[{"href":"https:\/\/www.diarioimagen.net\/index.php?rest_route=\/wp\/v2\/posts\/547260","targetHints":{"allow":["GET"]}}],"collection":[{"href":"https:\/\/www.diarioimagen.net\/index.php?rest_route=\/wp\/v2\/posts"}],"about":[{"href":"https:\/\/www.diarioimagen.net\/index.php?rest_route=\/wp\/v2\/types\/post"}],"author":[{"embeddable":true,"href":"https:\/\/www.diarioimagen.net\/index.php?rest_route=\/wp\/v2\/users\/3"}],"replies":[{"embeddable":true,"href":"https:\/\/www.diarioimagen.net\/index.php?rest_route=%2Fwp%2Fv2%2Fcomments&post=547260"}],"version-history":[{"count":0,"href":"https:\/\/www.diarioimagen.net\/index.php?rest_route=\/wp\/v2\/posts\/547260\/revisions"}],"wp:featuredmedia":[{"embeddable":true,"href":"https:\/\/www.diarioimagen.net\/index.php?rest_route=\/wp\/v2\/media\/547408"}],"wp:attachment":[{"href":"https:\/\/www.diarioimagen.net\/index.php?rest_route=%2Fwp%2Fv2%2Fmedia&parent=547260"}],"wp:term":[{"taxonomy":"category","embeddable":true,"href":"https:\/\/www.diarioimagen.net\/index.php?rest_route=%2Fwp%2Fv2%2Fcategories&post=547260"},{"taxonomy":"post_tag","embeddable":true,"href":"https:\/\/www.diarioimagen.net\/index.php?rest_route=%2Fwp%2Fv2%2Ftags&post=547260"}],"curies":[{"name":"wp","href":"https:\/\/api.w.org\/{rel}","templated":true}]}}