{"id":547300,"date":"2022-05-23T00:05:56","date_gmt":"2022-05-23T05:05:56","guid":{"rendered":"https:\/\/www.diarioimagen.net\/?p=547300"},"modified":"2022-05-25T02:40:43","modified_gmt":"2022-05-25T07:40:43","slug":"no-se-trata-solo-de-medicos","status":"publish","type":"post","link":"https:\/\/www.diarioimagen.net\/?p=547300","title":{"rendered":"No se trata s\u00f3lo de m\u00e9dicos"},"content":{"rendered":"<h2>Perfil de M\u00e9xico<\/h2>\n<h5>Armando R\u00edos Ruiz<\/h5>\n<p>&nbsp;<\/p>\n<p>Mandar al carajo a los conservadores \u2014de acuerdo con su costumbre\u2014 que critican su prurito de traer 500 m\u00e9dicos cubanos\u00a0 porque aqu\u00ed \u201cvan a hacer falta\u201d, refleja dos cosas: que quien lo dice es un ignorante absoluto de lo que ocurre en M\u00e9xico, en donde existen alrededor de 53 mil galenos desocupados y un porcentaje muy elevado de este n\u00famero que muere por trabajar. Adem\u00e1s, su talante agresivo del dictador en que ya est\u00e1 casi convertido. Poco falta.<\/p>\n<p>Durante la presentaci\u00f3n del plan de justicia al pueblo mayo, que no a todos los mexicanos, porque ah\u00ed s\u00ed que no puede, porque el Presidente tiene el compromiso de cuidar igualmente a los delincuentes, quiz\u00e1 para que cada d\u00eda mejoren sus t\u00e1cticas agresivas de descuartizamiento mientras reciben abrazos, prometi\u00f3 que antes de contratar a los cubanos contratar\u00e1 a mexicanos, pero ya sabe que \u201cno van a alcanzar\u201d, porque \u201cno tenemos los m\u00e9dicos que se necesitan\u201d.<\/p>\n<p>Antes hab\u00eda dicho que los mexicanos se niegan a ir a lugares rec\u00f3nditos por miedo. Esto implica a zonas de peligro, tal vez ocupadas por los siniestros personajes que no han aprendido de los abrazos y por lo tanto, no tienen empacho en practicar el tiro al blanco con humanos que aparezcan en su territorio. Eso quiere decir que los cubanos son muy valientes y seguramente vendr\u00e1n decididos a perder la vida, para ejemplo de nuestros profesionales.<\/p>\n<p>La verdad, todo este cuento refuerza lo que muchos enterados aseguran saber: que no se trata de traer m\u00e9dicos a un pa\u00eds en el que, seg\u00fan su Presidente no los hay, mientras personas como el doctor Jes\u00fas Felipe Gonz\u00e1lez Roldan, presidente de la Sociedad Mexicana de Salud P\u00fablica, asegura que \u201cexisten suficientes para cubrir las plazas que menciona el mandatario\u201d.<\/p>\n<p>Se afirma que no se trata de profesionales de la medicina. Tambi\u00e9n de soldados entrenados en menesteres electorales que saben qu\u00e9 hacer\u00a0 en esos momentos, para revertir los resultados a favor de quien los emplea. Se insiste en que el periplo que realiz\u00f3 a pa\u00edses centroamericanos s\u00f3lo fue el pretexto, porque lo \u00fanico que le interesaba era llegar a Cuba a realizar esas contrataciones. Pero adem\u00e1s, a pedir un consejo a Ra\u00fal Castro, con quien se entrevist\u00f3, quiz\u00e1 para que le se\u00f1alara el camino a la concreci\u00f3n de su propia dictadura.<\/p>\n<p>El doctor Gonz\u00e1lez Rold\u00e1n recalc\u00f3 que en la actualidad hay muchos m\u00e9dicos egresados que no est\u00e1n laborando debido a la falta de oportunidades. Es decir, por donde vaya el mandatario resulta visible su mentira. No se trata de 500 desocupados. Se conoce de m\u00e1s de 50 mil. Pero tiene pretexto de argumentar que s\u00f3lo se trata de cr\u00edticas de neoliberales o conservadores. Esto es raz\u00f3n suficiente para traer de otros lugares a los profesionales que aqu\u00ed hacen falta. Confronta en esta materia a un pueblo de s\u00f3lo 11 millones de cubanos contra otro de 130 millones de mexicanos. \u00bfEsto es inteligencia? \u00bfO es\u2026?<\/p>\n<p>Es obvio que nada cambiar\u00e1 sus planes ni su decisi\u00f3n. En este punto, la necedad y la ceguera que padece, coadyuvan con su avidez de perpetuar su permanencia en el poder, aunque sea a trav\u00e9s de uno de sus incondicionales. Dice que estar\u00e1 satisfecho si la 4T le gusta al pueblo. \u00bfPero cu\u00e1l es en realidad el pueblo? El de sus apasionados simpatizantes que carecen de materia gris para advertir los planes evidentes, que s\u00f3lo est\u00e1n ocultos para ellos.<\/p>\n<p>Pero como ya no est\u00e1 tan seguro de ganar la futura elecci\u00f3n de 2024, tiene que anticiparse para asegurarla, con expertos tra\u00eddos a M\u00e9xico a un costo muy alto, que no disfrutar\u00e1n los m\u00e9dicos, sino el que manda en la isla del Caribe. Ya ocurri\u00f3 en Venezuela en 2010, en donde Hugo Ch\u00e1vez lleg\u00f3 a contratar hasta a 30 mil m\u00e9dicos cubanos y a profesionales en otras ramas.<\/p>\n<p>Esto provoc\u00f3 el \u00e9xodo de m\u00e1s de siete millones de expertos egresados de sus universidades, principalmente hacia Estados Unidos, en busca de mejores oportunidades. Mientras nuestro mandatario logre sus prop\u00f3sitos, lo que menos le preocupa es que algo igual ocurra en nuestro suelo.<\/p>\n<p><a href=\"mailto:ariosruiz@gmail.com\" target=\"_blank\" rel=\"noopener noreferrer\"><em>ariosruiz@gmail.com<\/em><\/a><\/p>\n","protected":false},"excerpt":{"rendered":"<p><span style=\"color: #005497;\"><strong>Armando R\u00edos Ruiz<\/strong><\/span><\/p>\n","protected":false},"author":3,"featured_media":0,"comment_status":"open","ping_status":"open","sticky":false,"template":"","format":"standard","meta":{"_monsterinsights_skip_tracking":false,"_monsterinsights_sitenote_active":false,"_monsterinsights_sitenote_note":"","_monsterinsights_sitenote_category":0,"footnotes":""},"categories":[88405],"tags":[88407,43674,91193],"class_list":["post-547300","post","type-post","status-publish","format-standard","hentry","category-armando-rios-ruiz","tag-armando-rios-ruiz","tag-opinion","tag-perfil-de-mexico"],"_links":{"self":[{"href":"https:\/\/www.diarioimagen.net\/index.php?rest_route=\/wp\/v2\/posts\/547300","targetHints":{"allow":["GET"]}}],"collection":[{"href":"https:\/\/www.diarioimagen.net\/index.php?rest_route=\/wp\/v2\/posts"}],"about":[{"href":"https:\/\/www.diarioimagen.net\/index.php?rest_route=\/wp\/v2\/types\/post"}],"author":[{"embeddable":true,"href":"https:\/\/www.diarioimagen.net\/index.php?rest_route=\/wp\/v2\/users\/3"}],"replies":[{"embeddable":true,"href":"https:\/\/www.diarioimagen.net\/index.php?rest_route=%2Fwp%2Fv2%2Fcomments&post=547300"}],"version-history":[{"count":0,"href":"https:\/\/www.diarioimagen.net\/index.php?rest_route=\/wp\/v2\/posts\/547300\/revisions"}],"wp:attachment":[{"href":"https:\/\/www.diarioimagen.net\/index.php?rest_route=%2Fwp%2Fv2%2Fmedia&parent=547300"}],"wp:term":[{"taxonomy":"category","embeddable":true,"href":"https:\/\/www.diarioimagen.net\/index.php?rest_route=%2Fwp%2Fv2%2Fcategories&post=547300"},{"taxonomy":"post_tag","embeddable":true,"href":"https:\/\/www.diarioimagen.net\/index.php?rest_route=%2Fwp%2Fv2%2Ftags&post=547300"}],"curies":[{"name":"wp","href":"https:\/\/api.w.org\/{rel}","templated":true}]}}