{"id":547317,"date":"2022-05-23T00:06:35","date_gmt":"2022-05-23T05:06:35","guid":{"rendered":"https:\/\/www.diarioimagen.net\/?p=547317"},"modified":"2022-05-23T04:08:39","modified_gmt":"2022-05-23T09:08:39","slug":"ante-audios-sobre-corrupcion-se-espera-la-renuncia-de-alito","status":"publish","type":"post","link":"https:\/\/www.diarioimagen.net\/?p=547317","title":{"rendered":"Ante audios sobre corrupci\u00f3n, se espera la renuncia de \u201cAlito\u201d"},"content":{"rendered":"<h2>Como veo, doy<\/h2>\n<h5>Jorge Luis Galicia Palacios<\/h5>\n<p>&nbsp;<\/p>\n<ul>\n<li><strong><em>Derrotas electorales, su otra historia como dirigente nacional<\/em><\/strong><\/li>\n<\/ul>\n<p>&nbsp;<\/p>\n<p>Las ambiciones pol\u00edticas de Alejandro Moreno, presidente del Comit\u00e9 Ejecutivo del Partido Revolucionario Institucional (PRI), no s\u00f3lo est\u00e1n dividiendo la unidad interna, si es que la hay, sino que hacia el exterior est\u00e1 poniendo en riesgo la alianza que hasta ahora le ha dado buenos resultados con el PAN y el PRD.<\/p>\n<p>Basta con revisar un poquito la historia de los dirigentes del tricolor en funciones y se podr\u00e1 observar que la militancia en ning\u00fan caso ha visto con buenos ojos la candidatura de sus dirigentes nacionales en pos de la silla del \u00e1guila, lo anterior a raz\u00f3n de que militantes y simpatizantes de la nomenclatura priista se sienten usados o enga\u00f1ados ante los evidentes objetivos de car\u00e1cter personal de sus dirigentes y que, por supuesto, no son los mismos entre la base militante.<\/p>\n<p>Lo peor del caso que nos ocupa es que en la generalizada opini\u00f3n p\u00fablica han calificado el \u201cautodestape\u201d del dirigente nacional, tambi\u00e9n conocido como \u201cAlito\u201d, y tambi\u00e9n diputado federal, como una broma o una simple promoci\u00f3n ocurrente, sin que esta gracejada tenga impacto a considerar en las mediciones demosc\u00f3picas y mucho menos en la realpolitik del momento.<\/p>\n<p>Y como si algo faltara en la fallida autopromoci\u00f3n de \u201cAlito\u201d, lleva ya varios d\u00edas desde que, en el mundo medi\u00e1tico, al oriundo de Campeche le filtraron unos audios y que no lo dejan bien parado ni con sus paisanos, ni con la militancia nacional de su partido y mucho menos con dirigentes y militantes de los partidos con los que en el PRI piensan llegar juntos en una alianza pol\u00edtica para la competencia presidencial de 2024.<\/p>\n<p>Por muchas cosas, pero principalmente por la personal\u00edsima promoci\u00f3n pol\u00edtica, a \u201cAlito\u201d lo menos que varios de sus correligionarios le han pedido para los tiempos por venir es que renuncie y deje de contaminar lo poco que a\u00fan le queda de buena imagen al PRI, donde los aliancistas han hablado de una candidatura com\u00fan rumbo a la madre de todas las elecciones y todo indica que esa f\u00f3rmula se podr\u00e1 lograr ya sin Moreno C\u00e1rdenas al frente del otrora poderoso Revolucionario Institucional.<\/p>\n<p>De los audios hasta ahora filtrados a los medios de comunicaci\u00f3n, ya mejor ni mencionar su contenido, pues aunque haya deslinde, lo nieguen o digan que han sido editados y sacados de contexto, se da por hecho que detr\u00e1s de todo ello hay una guerra sucia, s\u00ed, pero pocos se atrever\u00edan a defender al tal \u201cAlito\u201d por muy presidencial que diga ser, as\u00ed que si en algo a\u00fan quiere ayudar a la militancia de su partido a Moreno C\u00e1rdenas le queda el camino de la renuncia a la dirigencia nacional que ostenta, porque como dice el refr\u00e1n \u201cA tiempo amar y desatarse a tiempo\u201d y para \u00e9l el tiempo lleg\u00f3.<\/p>\n<p>Y en este penoso asunto donde lo acusan de oscuros manejos financieros, algo debe quedar claro, una renuncia no quiere decir que esto se traduzca en una especie de carta de impunidad, al contrario debe renunciar para enfrentar y deslindarse de posibles acusaciones penales ante la justicia y en ese camino no estar\u00eda mal tambi\u00e9n pedir licencia al cargo legislativo. Que conste.<\/p>\n<p><strong>LAS CARTAS HABLAN.-<\/strong> Con todo y que Alejandro Moreno C\u00e1rdenas, \u201cAlito\u201d para sus cuates, presume en su trayectoria pol\u00edtica haber sido competitivo y haber ganado elecciones dos veces como diputado federal y tambi\u00e9n los cargos de senador de la rep\u00fablica y gobernador, la numeralia de triunfos personales en nada se compara con los n\u00fameros que ha obtenido al frente del partido tricolor.<\/p>\n<p>En 2019, cuando tom\u00f3 posesi\u00f3n del CEN pri\u00edsta, recibi\u00f3 la encomienda acompa\u00f1ado de 14 mandatarios estatales provenientes de sus partido y seg\u00fan las encuestas nacionales, pronto solo les quedar\u00e1 uno o tal vez dos.<\/p>\n<p>En fin, junio ser\u00e1 el mes que marque el rumbo de este partido al que en m\u00e1s de una ocasi\u00f3n le han vaticinado su muerte pero ah\u00ed sigue, aunque hoy la corrupci\u00f3n lo puso en una situaci\u00f3n de fatalidad y es precisamente esa fatalidad, m\u00e1s all\u00e1 de las derrotas electorales, las que parecen indicar la causa principal por la que \u201cAlito\u201d tendr\u00e1 que renunciar al PRI.<\/p>\n<p><strong>VA MI RESTO.-<\/strong> Es cierto, en 2021, el PRI con \u201cAlito\u201d al frente alcanz\u00f3 considerables triunfos al grado de conformar una bancada parlamentaria en la C\u00e1mara baja como para ser tomada en cuenta en los temas legislativos, es cierto, pero en la percepci\u00f3n de la realpolitik esos n\u00fameros poco influyen en la idea de que Alejandro Moreno C\u00e1rdenas pasar\u00e1 a la historia de ese partido como el peor de todos y en esa trayectoria las derrotas electorales poco pesar\u00e1n, ya que es la corrupci\u00f3n que empieza asomarse o destaparse la que al parecer tendr\u00e1 la \u00faltima palabra en la carrera pol\u00edtica de \u201cAlito\u201d, y hasta aqu\u00ed porque como veo, doy.<\/p>\n<p><em><a href=\"mailto:jorgelgalicia@yahoo.com.mx\" target=\"_blank\" rel=\"noopener noreferrer\">jorgelgalicia@yahoo.com.mx<\/a><\/em><\/p>\n","protected":false},"excerpt":{"rendered":"<p><span style=\"color: #005497;\"><strong>Jorge Luis Galicia Palacios<\/strong><\/span><\/p>\n","protected":false},"author":3,"featured_media":0,"comment_status":"open","ping_status":"open","sticky":false,"template":"","format":"standard","meta":{"_monsterinsights_skip_tracking":false,"_monsterinsights_sitenote_active":false,"_monsterinsights_sitenote_note":"","_monsterinsights_sitenote_category":0,"footnotes":""},"categories":[63916],"tags":[28722,63917,43674],"class_list":["post-547317","post","type-post","status-publish","format-standard","hentry","category-jorge-luis-galicia-palacios","tag-como-veo-doy","tag-jorge-luis-galicia-palacios","tag-opinion"],"_links":{"self":[{"href":"https:\/\/www.diarioimagen.net\/index.php?rest_route=\/wp\/v2\/posts\/547317","targetHints":{"allow":["GET"]}}],"collection":[{"href":"https:\/\/www.diarioimagen.net\/index.php?rest_route=\/wp\/v2\/posts"}],"about":[{"href":"https:\/\/www.diarioimagen.net\/index.php?rest_route=\/wp\/v2\/types\/post"}],"author":[{"embeddable":true,"href":"https:\/\/www.diarioimagen.net\/index.php?rest_route=\/wp\/v2\/users\/3"}],"replies":[{"embeddable":true,"href":"https:\/\/www.diarioimagen.net\/index.php?rest_route=%2Fwp%2Fv2%2Fcomments&post=547317"}],"version-history":[{"count":0,"href":"https:\/\/www.diarioimagen.net\/index.php?rest_route=\/wp\/v2\/posts\/547317\/revisions"}],"wp:attachment":[{"href":"https:\/\/www.diarioimagen.net\/index.php?rest_route=%2Fwp%2Fv2%2Fmedia&parent=547317"}],"wp:term":[{"taxonomy":"category","embeddable":true,"href":"https:\/\/www.diarioimagen.net\/index.php?rest_route=%2Fwp%2Fv2%2Fcategories&post=547317"},{"taxonomy":"post_tag","embeddable":true,"href":"https:\/\/www.diarioimagen.net\/index.php?rest_route=%2Fwp%2Fv2%2Ftags&post=547317"}],"curies":[{"name":"wp","href":"https:\/\/api.w.org\/{rel}","templated":true}]}}