{"id":547432,"date":"2022-05-24T00:04:50","date_gmt":"2022-05-24T05:04:50","guid":{"rendered":"https:\/\/www.diarioimagen.net\/?p=547432"},"modified":"2022-05-24T05:49:16","modified_gmt":"2022-05-24T10:49:16","slug":"huixquilucan-polo-de-desarrollo-alcaldesa-romina-contreras","status":"publish","type":"post","link":"https:\/\/www.diarioimagen.net\/?p=547432","title":{"rendered":"Huixquilucan, polo de desarrollo:\u00a0alcaldesa Romina Contreras"},"content":{"rendered":"<p>&nbsp;<\/p>\n<p><a href=\"https:\/\/www.diarioimagen.net\/?attachment_id=547552\" rel=\"attachment wp-att-547552\"><img loading=\"lazy\" decoding=\"async\" class=\"aligncenter size-full wp-image-547552\" src=\"https:\/\/www.diarioimagen.net\/wp-content\/uploads\/2022\/05\/huixquilucan-2.jpg\" alt=\"\" width=\"460\" height=\"270\" \/><\/a><\/p>\n<p>&nbsp;<\/p>\n<p><strong>Huixquilucan, Estado de M\u00e9xico.\u2014\u00a0 <\/strong>En los primeros cinco meses de la administraci\u00f3n de la alcaldesa Romina Contreras Carrasco, esta localidad se mantiene como el polo de desarrollo m\u00e1s importante del Estado de M\u00e9xico, pues, actualmente, se realizan proyectos con una inversi\u00f3n privada de m\u00e1s de 2 mil millones de d\u00f3lares.<\/p>\n<p>Al encabezar el segundo d\u00eda de la presentaci\u00f3n del proyecto de expansi\u00f3n de Bosque Real \u201cBigger &amp; Better\u201d, la presidenta municipal de Huixquilucan afirm\u00f3 que es una prioridad fomentar el desarrollo y crecimiento econ\u00f3mico del municipio, con proyectos como \u00e9ste, que operan las m\u00e1s de 10 mil unidades econ\u00f3micas que existen en esta localidad.<\/p>\n","protected":false},"excerpt":{"rendered":"<p>En los primeros cinco meses de la administraci\u00f3n de la alcaldesa Romina Contreras Carrasco, esta localidad se mantiene como el polo de desarrollo m\u00e1s importante del Estado de M\u00e9xico, pues, actualmente, se realizan proyectos con una inversi\u00f3n privada de m\u00e1s de 2 mil millones de d\u00f3lares.<\/p>\n","protected":false},"author":3,"featured_media":547552,"comment_status":"open","ping_status":"open","sticky":false,"template":"","format":"standard","meta":{"_monsterinsights_skip_tracking":false,"_monsterinsights_sitenote_active":false,"_monsterinsights_sitenote_note":"","_monsterinsights_sitenote_category":0,"footnotes":""},"categories":[5],"tags":[43675,1097,92921],"class_list":["post-547432","post","type-post","status-publish","format-standard","has-post-thumbnail","hentry","category-estado-de-mexico","tag-estado-de-mexico","tag-huixquilucan","tag-romina-contreras"],"_links":{"self":[{"href":"https:\/\/www.diarioimagen.net\/index.php?rest_route=\/wp\/v2\/posts\/547432","targetHints":{"allow":["GET"]}}],"collection":[{"href":"https:\/\/www.diarioimagen.net\/index.php?rest_route=\/wp\/v2\/posts"}],"about":[{"href":"https:\/\/www.diarioimagen.net\/index.php?rest_route=\/wp\/v2\/types\/post"}],"author":[{"embeddable":true,"href":"https:\/\/www.diarioimagen.net\/index.php?rest_route=\/wp\/v2\/users\/3"}],"replies":[{"embeddable":true,"href":"https:\/\/www.diarioimagen.net\/index.php?rest_route=%2Fwp%2Fv2%2Fcomments&post=547432"}],"version-history":[{"count":0,"href":"https:\/\/www.diarioimagen.net\/index.php?rest_route=\/wp\/v2\/posts\/547432\/revisions"}],"wp:featuredmedia":[{"embeddable":true,"href":"https:\/\/www.diarioimagen.net\/index.php?rest_route=\/wp\/v2\/media\/547552"}],"wp:attachment":[{"href":"https:\/\/www.diarioimagen.net\/index.php?rest_route=%2Fwp%2Fv2%2Fmedia&parent=547432"}],"wp:term":[{"taxonomy":"category","embeddable":true,"href":"https:\/\/www.diarioimagen.net\/index.php?rest_route=%2Fwp%2Fv2%2Fcategories&post=547432"},{"taxonomy":"post_tag","embeddable":true,"href":"https:\/\/www.diarioimagen.net\/index.php?rest_route=%2Fwp%2Fv2%2Ftags&post=547432"}],"curies":[{"name":"wp","href":"https:\/\/api.w.org\/{rel}","templated":true}]}}