{"id":547474,"date":"2022-05-24T00:03:57","date_gmt":"2022-05-24T05:03:57","guid":{"rendered":"https:\/\/www.diarioimagen.net\/?p=547474"},"modified":"2022-05-24T01:45:30","modified_gmt":"2022-05-24T06:45:30","slug":"y-la-neutralidad-senor-de-la-segob","status":"publish","type":"post","link":"https:\/\/www.diarioimagen.net\/?p=547474","title":{"rendered":"\u00bfY la neutralidad, se\u00f1or de la Segob?"},"content":{"rendered":"<h2>Espacio Electoral<\/h2>\n<h5>Eleazar Flores<\/h5>\n<p><strong>\u00a0<\/strong><\/p>\n<p><strong>\u00bfY EL INE?-.<\/strong> Fieles a su costumbre y ante el benepl\u00e1cito de su jefe, los aspirantes\u00a0 de Movimiento Regeneraci\u00f3n Nacional, Morena, placean sus figuras por estados d\u00f3nde habr\u00e1 elecciones en dos semanas, con el pretexto de apoyar a sus candidatos, pero con el prop\u00f3sito\u00a0 real de reforzar sus im\u00e1genes con miras a la elecci\u00f3n interna del \u201cbueno\u201d para 2024.<\/p>\n<p>Desde luego que todos los aspirantes est\u00e1n en su derecho de hacerlo menos uno, el primo secretario de Gobernaci\u00f3n, Ad\u00e1n Augusto L\u00f3pez, ya que de acuerdo a la ley vigente su tarea primordial es vigilar la \u201cseguridad interior\u201d del pa\u00eds, adem\u00e1s de los consabidos principios de neutralidad, legalidad y objetividad, por coordinar a las fuerzas pol\u00edticas de todas las corrientes.<\/p>\n<p>\u00bfC\u00f3mo le har\u00e1 un secretario de Gobernaci\u00f3n que en la teor\u00eda y en la pr\u00e1ctica est\u00e1 externando una militancia abierta a Morena?. En el supuesto de que dirigentes y militantes de otros partidos transgredieran la ley en materia partidista \u00bfcon qu\u00e9 calidad moral les podr\u00eda llamar la atenci\u00f3n el no tan joven primo Ad\u00e1n Augusto?.<\/p>\n<p>Con la mano en la cintura cualquier dirigente partidista le reprochar\u00eda al titular de la Segob que en plena responsabilidad oficial que deber\u00eda ser neutral, \u00e9l, don Ad\u00e1n, descuida su despacho de Bucareli y Abraham Gonz\u00e1lez para ir en apoyo de los candidatos de su partido en busca de gubernaturas, diputaciones o presidencias municipales.<\/p>\n<p>Pero si usted quiere llamar la atenci\u00f3n al \u201cresponsable de la pol\u00edtica interior\u201d ni lo haga, \u00e9l como todo ac\u00f3lito en una misa normal, de tres ministros o pontifical, obedece las \u00f3rdenes del oficiante principal, incluyendo el ofrecimiento del infaltable incienso en toda ceremonia de este tipo o sea que las \u201ccorcholatas\u201d no van por su cuenta a los estados, obedecen instrucciones.<\/p>\n<p>La \u201cconsen\u201d Claudia Sheinbaum hace lo correcto en fines de semana as\u00ed descuide su actividad primigenia que es la de \u00bfgobernar? a los ocho o m\u00e1s millones de chilangos, quienes dudan de la publicidad pagada por el gobierno capitalino que pregona que la capital del pa\u00eds es la m\u00e1s segura del pa\u00eds, \u00bfUsted le cree?&#8230; yo tampoco, dir\u00eda a principios de este siglo la otrora poderosa Elba Esther Gordillo, respecto al proceder de su \u201camigo\u201d Roberto Madrazo Pintado.<\/p>\n<p>Bien hace el secretario de Relaciones Exteriores, Marcelo Ebrard, en desatarse la melena para ir a apoyar candidatos morenos, dado que sus tareas de compra de medicinas ha pasado, ya s\u00f3lo con el pendiente de la celebraci\u00f3n de la pr\u00f3xima Cumbre de las Am\u00e9ricas en los Estados Unido, a gusto de su jefe, que es lo dif\u00edcil.<\/p>\n<p>Y el INE con un silencio sepulcral, ante tanta transgresi\u00f3n de la ley.<\/p>\n<p><em><a href=\"mailto:elefa44@gmail.com\" target=\"_blank\" rel=\"noopener noreferrer\">elefa44@gmail.com<\/a><\/em><\/p>\n","protected":false},"excerpt":{"rendered":"<p><span style=\"color: #005497;\"><strong>Eleazar Flores<\/strong><\/span><\/p>\n","protected":false},"author":3,"featured_media":0,"comment_status":"open","ping_status":"open","sticky":false,"template":"","format":"standard","meta":{"_monsterinsights_skip_tracking":false,"_monsterinsights_sitenote_active":false,"_monsterinsights_sitenote_note":"","_monsterinsights_sitenote_category":0,"footnotes":""},"categories":[81743],"tags":[81744,81776,43674],"class_list":["post-547474","post","type-post","status-publish","format-standard","hentry","category-eleazar-flores","tag-eleazar-flores","tag-espacio-electoral","tag-opinion"],"_links":{"self":[{"href":"https:\/\/www.diarioimagen.net\/index.php?rest_route=\/wp\/v2\/posts\/547474","targetHints":{"allow":["GET"]}}],"collection":[{"href":"https:\/\/www.diarioimagen.net\/index.php?rest_route=\/wp\/v2\/posts"}],"about":[{"href":"https:\/\/www.diarioimagen.net\/index.php?rest_route=\/wp\/v2\/types\/post"}],"author":[{"embeddable":true,"href":"https:\/\/www.diarioimagen.net\/index.php?rest_route=\/wp\/v2\/users\/3"}],"replies":[{"embeddable":true,"href":"https:\/\/www.diarioimagen.net\/index.php?rest_route=%2Fwp%2Fv2%2Fcomments&post=547474"}],"version-history":[{"count":0,"href":"https:\/\/www.diarioimagen.net\/index.php?rest_route=\/wp\/v2\/posts\/547474\/revisions"}],"wp:attachment":[{"href":"https:\/\/www.diarioimagen.net\/index.php?rest_route=%2Fwp%2Fv2%2Fmedia&parent=547474"}],"wp:term":[{"taxonomy":"category","embeddable":true,"href":"https:\/\/www.diarioimagen.net\/index.php?rest_route=%2Fwp%2Fv2%2Fcategories&post=547474"},{"taxonomy":"post_tag","embeddable":true,"href":"https:\/\/www.diarioimagen.net\/index.php?rest_route=%2Fwp%2Fv2%2Ftags&post=547474"}],"curies":[{"name":"wp","href":"https:\/\/api.w.org\/{rel}","templated":true}]}}