{"id":547494,"date":"2022-05-24T00:09:28","date_gmt":"2022-05-24T05:09:28","guid":{"rendered":"https:\/\/www.diarioimagen.net\/?p=547494"},"modified":"2022-05-24T02:00:15","modified_gmt":"2022-05-24T07:00:15","slug":"lopez-gatell-busca-chivo-expiatorio-a-su-desastre","status":"publish","type":"post","link":"https:\/\/www.diarioimagen.net\/?p=547494","title":{"rendered":"L\u00f3pez-Gatell busca chivo expiatorio a su desastre"},"content":{"rendered":"<h2>Poder y dinero<\/h2>\n<h5>V\u00edctor S\u00e1nchez Ba\u00f1os<em>\u00a0<\/em><\/h5>\n<p>&nbsp;<\/p>\n<ul>\n<li><em><strong>Culpa a multinacionales de muertes<\/strong><\/em><\/li>\n<li><em><strong>Covid \u201ccobr\u00f3\u201d v\u00edctimas por neoliberalismo<\/strong><\/em><\/li>\n<li><em><strong>Irracionales justificaciones de un \u201ccient\u00edfico\u201d<\/strong><\/em><\/li>\n<li><em><strong>Guti\u00e9rrez Luna, otro obsesionado con el poder<\/strong><\/em><\/li>\n<li><em><strong>Cuitl\u00e1huac le manda un \u201cestatequieto\u201d<\/strong><\/em><\/li>\n<li><em><strong>Ken Salazar y Vulcan Materials con AMLO<\/strong><\/em><\/li>\n<li><em><strong>No lograron soluciones sobre Calica<\/strong><\/em><\/li>\n<\/ul>\n<p>&nbsp;<\/p>\n<p style=\"text-align: right;\"><em>No pretendas apagar con fuego un incendio, ni remediar con agua una inundaci\u00f3n<br \/>\n<\/em><strong>Confucio<\/strong> (551 AC-478 AC), fil\u00f3sofo chino<\/p>\n<p>&nbsp;<\/p>\n<p>Desesperado porque su actividad burocr\u00e1tica para controlar la pandemia de Covid-19 no se convierta en uno de los factores de rechazo a la Cuarta Transformaci\u00f3n y, en especial, al presidente L\u00f3pez Obrador.<\/p>\n<p>Ya hemos comentado en este espacio los desastrosos resultados de la pol\u00edtica de contenci\u00f3n del coronavirus que han provocado la muerte de cientos de miles de mexicanos. El origen es de todos sabido, es la incompetencia, la ruindad, la mezquindad y la ideologizaci\u00f3n de la salud en el pa\u00eds.<\/p>\n<p>Al mando de Hugo L\u00f3pez-Gatell, subsecretario de Salud, se negaron a entregar recursos, medicamentos y adquirieron respiradores de mala calidad. Ah\u00ed se han generado negocios corruptos por cientos de millones de pesos. Asimismo, contrataron en papel, 500 m\u00e9dicos para atender la pandemia, por 135 millones de pesos en 2 meses.<\/p>\n<p>Ahora, ante la evidencia de corrupci\u00f3n, ineptitud y uso electoral de las actividades sanitarias en el pa\u00eds, encabezadas por L\u00f3pez-Gatell, este personaje dice que el culpable es el \u201cneoliberalismo\u201d.<\/p>\n<p>Acus\u00f3 gen\u00e9ricamente, sin seriedad, ni mucho menos nombres y apellidos, a empresas del sector alimenticio \u201cmultinacionales\u201d, de alimentos procesados. De refil\u00f3n, tambi\u00e9n a las del sector bebidas de alcohol y tabaco.<\/p>\n<p>Claro, \u00e9l no fue culpable. Fueron los dem\u00e1s. Incluso, sac\u00f3 a relucir la ideolog\u00eda del pasado; del socialismo de mediados del siglo pasado.<\/p>\n<p>Fue el neoliberalismo, dijo con orgullo el pol\u00edtico que hace las funciones de secretario de Salud, ya que su jefe Jorge Alcocer, no pasa de ser un florero en el edificio de Lieja en los linderos del Bosque de Chapultepec.<\/p>\n<p>Justific\u00f3 que esas multinacionales aumentaron las enfermedades cr\u00f3nicas que desencadenaron los casos graves de la Covid en M\u00e9xico.<\/p>\n<p>\u201cEn este prop\u00f3sito encontramos como barrera estructural fundamental un sistema econ\u00f3mico que ha concentrado la riqueza, que ha degradado nuestros ecosistemas y que ha protegido los intereses comerciales sobre los intereses de la salud\u201d, expres\u00f3 durante la 75 Asamblea Mundial de la Salud de la OMS, lo que provoc\u00f3 carcajadas en varios de los asistentes en Ginebra, Suiza.<\/p>\n<p>En todo el mundo operan esas empresas multinacionales y neoliberales.<\/p>\n<p>Pero:<\/p>\n<p>No en todo el mundo, hay altos niveles de enfermedades cr\u00f3nico degenerativas, como en M\u00e9xico.<\/p>\n<p>No en todo el mundo, se dieron altas tasas de mortalidad por el Covid-19, como en M\u00e9xico.<\/p>\n<p>No en todo el mundo, se detectaron niveles extraordinarios de mortandad que no estaba esperada, por lo que en M\u00e9xico, se estima fueron a consecuencia del SARS-Cov-2.<\/p>\n<p>No en todo el mundo, las autoridades sanitarias ocultaron informaci\u00f3n, como en M\u00e9xico.<\/p>\n<p>No en todo el mundo se negaron a aplicar vacunas a m\u00e9dicos, personal sanitario y maestros, como en M\u00e9xico.<\/p>\n<p>No en todo el mundo, sus gobiernos han sido taca\u00f1os para no aplicar vacunas a ni\u00f1os, como en M\u00e9xico.<\/p>\n<p>S\u00f3lo en el para\u00edso del socialismo rampl\u00f3n, anquilosado e incompetente, sufrimos a un pol\u00edtico como L\u00f3pez-Gatell, quien ser\u00eda la verg\u00fcenza de un gobierno que se jactara de ser eficiente en cumplir con el pueblo.<\/p>\n<p style=\"text-align: center;\"><strong>PODEROSOS CABALLEROS<\/strong><\/p>\n<p><strong>PLEITO ENTRE GUTI\u00c9RREZ LUNA Y EL GOBERNADOR DE VERACRUZ:<\/strong> El l\u00edder de San L\u00e1zaro, Sergio Guti\u00e9rrez, est\u00e1 empecinado en arrebatar la candidatura de Morena para el gobierno estatal de 2024. El secretario de Gobierno, Eric Cisneros, le puso en p\u00fablico un \u201calto\u201d y Sergio ni lo ve, ni lo escucha. Un elector de peso morenista es el gobernador Cuitl\u00e1huac Garc\u00eda. Que no se le olvide. Por cierto, el diputado futbolista, no ha recibido una sanci\u00f3n por jugar una cascarita, en el Sal\u00f3n de Sesiones de la C\u00e1mara baja, con el \u201cMatador\u201d, Luis Hern\u00e1ndez. Con Morena \u201ctodo se puede\u201d. A Guti\u00e9rrez Luna le vale un pepino pelearse con Eric; el hombre de confianzas del gobernador. Con lo que tope, pero la ambici\u00f3n del diputado es desmedida. Por el momento, ya tiene quien le ponga el pie rumbo a su precandidatura.<\/p>\n<p><strong>KEN SALAZAR Y VULCANS MATERIALS:<\/strong> Directivos de la empresa Vulcans Materials, propietarias de la mina de piedra Calica, en Quintana Roo, se reunieron con el presidente L\u00f3pez Obrador. Acompa\u00f1ados del embajador de Estados Unidos en M\u00e9xico, platicaron con el l\u00edder del Ejecutivo, pero sin resultados positivos. S\u00f3lo que se analizar\u00edan los datos. Parece que al Presidente le proporcionaron informaci\u00f3n falsa sobre Calica y toman control de la piedra para enviarla a la construcci\u00f3n del Tren Maya. El aval de Ken pesa mucho en Palacio Nacional.<\/p>\n<p>&nbsp;<\/p>\n<blockquote>\n<p style=\"text-align: right;\"><strong>Esc\u00fachame de lunes a viernes, de 21 a 22 horas,<br \/>\nen \u201cV\u00edctor S\u00e1nchez Ba\u00f1os en MVS\u201d<\/strong><\/p>\n<\/blockquote>\n<p>&nbsp;<\/p>\n<p><a href=\"https:\/\/mvsnoticias.com\/\" target=\"_blank\" rel=\"noopener noreferrer\"><em>MVSnoticias.com<\/em><\/a><br \/>\n<a href=\"http:\/\/poderydinero.mx\" target=\"_blank\" rel=\"noopener noreferrer\"><em>poderydinero.mx<\/em><\/a><em><b><br \/>\n<\/b><a href=\"mailto:vsb@poderydinero.mx\" target=\"_blank\" rel=\"noopener noreferrer\">vsb@poderydinero.mx<\/a><a href=\"mailto:vsanchezb@gmail.com\" target=\"_blank\" rel=\"noopener noreferrer\"><br \/>\n<\/a><strong>Twitter:<\/strong><a href=\"https:\/\/twitter.com\/vsanchezbanos\" target=\"_blank\" rel=\"noopener noreferrer\">@vsanchezbanos<br \/>\n<\/a><strong>Facebook: <\/strong><a href=\"https:\/\/www.facebook.com\/vsanchezbanos?fref=ts\" target=\"_blank\" rel=\"noopener noreferrer\">vsanchezbanos<\/a><\/em><\/p>\n","protected":false},"excerpt":{"rendered":"<p><span style=\"color: #005497;\"><strong>V\u00edctor S\u00e1nchez Ba\u00f1os<\/strong><\/span><\/p>\n","protected":false},"author":3,"featured_media":0,"comment_status":"open","ping_status":"open","sticky":false,"template":"","format":"standard","meta":{"_monsterinsights_skip_tracking":false,"_monsterinsights_sitenote_active":false,"_monsterinsights_sitenote_note":"","_monsterinsights_sitenote_category":0,"footnotes":""},"categories":[38844],"tags":[43674,38847,38848],"class_list":["post-547494","post","type-post","status-publish","format-standard","hentry","category-victor-sanchez-banos","tag-opinion","tag-poder-y-dinero","tag-victor-sanchez-banos"],"_links":{"self":[{"href":"https:\/\/www.diarioimagen.net\/index.php?rest_route=\/wp\/v2\/posts\/547494","targetHints":{"allow":["GET"]}}],"collection":[{"href":"https:\/\/www.diarioimagen.net\/index.php?rest_route=\/wp\/v2\/posts"}],"about":[{"href":"https:\/\/www.diarioimagen.net\/index.php?rest_route=\/wp\/v2\/types\/post"}],"author":[{"embeddable":true,"href":"https:\/\/www.diarioimagen.net\/index.php?rest_route=\/wp\/v2\/users\/3"}],"replies":[{"embeddable":true,"href":"https:\/\/www.diarioimagen.net\/index.php?rest_route=%2Fwp%2Fv2%2Fcomments&post=547494"}],"version-history":[{"count":0,"href":"https:\/\/www.diarioimagen.net\/index.php?rest_route=\/wp\/v2\/posts\/547494\/revisions"}],"wp:attachment":[{"href":"https:\/\/www.diarioimagen.net\/index.php?rest_route=%2Fwp%2Fv2%2Fmedia&parent=547494"}],"wp:term":[{"taxonomy":"category","embeddable":true,"href":"https:\/\/www.diarioimagen.net\/index.php?rest_route=%2Fwp%2Fv2%2Fcategories&post=547494"},{"taxonomy":"post_tag","embeddable":true,"href":"https:\/\/www.diarioimagen.net\/index.php?rest_route=%2Fwp%2Fv2%2Ftags&post=547494"}],"curies":[{"name":"wp","href":"https:\/\/api.w.org\/{rel}","templated":true}]}}