{"id":547562,"date":"2022-05-25T00:06:26","date_gmt":"2022-05-25T05:06:26","guid":{"rendered":"https:\/\/www.diarioimagen.net\/?p=547562"},"modified":"2022-05-26T00:47:23","modified_gmt":"2022-05-26T05:47:23","slug":"avanza-instalacion-de-mingitorios-secos-para-el-cuidado-del-agua-en-la-uaemex","status":"publish","type":"post","link":"https:\/\/www.diarioimagen.net\/?p=547562","title":{"rendered":"Avanza instalaci\u00f3n de mingitorios secos para el cuidado del agua en la UAEM\u00e9x"},"content":{"rendered":"<p>&nbsp;<\/p>\n<h3 style=\"text-align: center;\">Somos Universidad Verde<\/h3>\n<p>&nbsp;<\/p>\n<ul>\n<li><strong><em>En Ciudad Universitaria, la Facultad de Geograf\u00eda se convierte en el primer espacio de la UAEM\u00e9x en colocar la totalidad de los mingitorios bajo el sistema seco, tambi\u00e9n conocidos como ecol\u00f3gicos, lo que contribuye a disminuir su huella ambiental<\/em><\/strong><\/li>\n<\/ul>\n<p><strong>\u00a0<\/strong><\/p>\n<div id=\"attachment_547701\" style=\"width: 470px\" class=\"wp-caption aligncenter\"><a href=\"https:\/\/www.diarioimagen.net\/?attachment_id=547701\" rel=\"attachment wp-att-547701\"><img loading=\"lazy\" decoding=\"async\" aria-describedby=\"caption-attachment-547701\" class=\"size-full wp-image-547701\" src=\"https:\/\/www.diarioimagen.net\/wp-content\/uploads\/2022\/05\/uaem-qr.jpg\" alt=\"\" width=\"460\" height=\"270\" \/><\/a><p id=\"caption-attachment-547701\" class=\"wp-caption-text\">Este proyecto, se suma al sistema de captaci\u00f3n de agua pluvial para el reciclaje de lluvia con el prop\u00f3sito de\u00a0 abastecer lavabos y la limpieza de la Facultad de Geograf\u00eda.<\/p><\/div>\n<p>&nbsp;<\/p>\n<p><strong>Toluca, Estado de M\u00e9xico.\u2014 <\/strong>Como parte de las acciones para seguir construyendo una universidad verde y sustentable, la Facultad de Geograf\u00eda de la Universidad Aut\u00f3noma del Estado de M\u00e9xico (UAEM\u00e9x) reemplaz\u00f3 la totalidad de sus mingitorios convencionales por un sistema seco, tambi\u00e9n conocidos como ecol\u00f3gicos.<\/p>\n<p>El director de la Facultad de Geograf\u00eda, Rodrigo Huitron Rodr\u00edguez, destac\u00f3 que con el prop\u00f3sito de eficientar el uso del agua se instalaron 11 servicios de este tipo que beneficiar\u00e1n a m\u00e1s de 650 personas dentro de dicho espacio acad\u00e9mico. Huitron Rodr\u00edguez destac\u00f3 que estos mingitorios buscan fomentar el ahorro de agua dentro del espacio acad\u00e9mico, ya que no se necesita instalaci\u00f3n de agua potable para su funcionamiento, ni requiere energ\u00eda el\u00e9ctrica. El ahorro del vital l\u00edquido se estima en 164 mil litros al a\u00f1o por cada dispositivo, lo que contribuye a disminuir su huella ambiental.<\/p>\n<p>Este proyecto, se suma al sistema de captaci\u00f3n de agua pluvial para el reciclaje de lluvia con el prop\u00f3sito de\u00a0 abastecer lavabos y la limpieza de la Facultad de Geograf\u00eda. Con estas acciones, la UAEM\u00e9x busca garantizar la disponibilidad de agua y su gesti\u00f3n sostenible, as\u00ed como atender los Objetivos de Desarrollo Sostenible de la Agenda 2030 de la Organizaci\u00f3n de las Naciones Unidas (ONU).<\/p>\n","protected":false},"excerpt":{"rendered":"<p>Como parte de las acciones para seguir construyendo una universidad verde y sustentable, la Facultad de Geograf\u00eda de la Universidad Aut\u00f3noma del Estado de M\u00e9xico (UAEM\u00e9x) reemplaz\u00f3 la totalidad de sus mingitorios convencionales por un sistema seco, tambi\u00e9n conocidos como ecol\u00f3gicos.\u00a0<\/p>\n","protected":false},"author":3,"featured_media":547702,"comment_status":"open","ping_status":"open","sticky":false,"template":"","format":"standard","meta":{"_monsterinsights_skip_tracking":false,"_monsterinsights_sitenote_active":false,"_monsterinsights_sitenote_note":"","_monsterinsights_sitenote_category":0,"footnotes":""},"categories":[5],"tags":[43675,95544,452,67878],"class_list":["post-547562","post","type-post","status-publish","format-standard","has-post-thumbnail","hentry","category-estado-de-mexico","tag-estado-de-mexico","tag-mingitorios","tag-toluca","tag-uaemex"],"_links":{"self":[{"href":"https:\/\/www.diarioimagen.net\/index.php?rest_route=\/wp\/v2\/posts\/547562","targetHints":{"allow":["GET"]}}],"collection":[{"href":"https:\/\/www.diarioimagen.net\/index.php?rest_route=\/wp\/v2\/posts"}],"about":[{"href":"https:\/\/www.diarioimagen.net\/index.php?rest_route=\/wp\/v2\/types\/post"}],"author":[{"embeddable":true,"href":"https:\/\/www.diarioimagen.net\/index.php?rest_route=\/wp\/v2\/users\/3"}],"replies":[{"embeddable":true,"href":"https:\/\/www.diarioimagen.net\/index.php?rest_route=%2Fwp%2Fv2%2Fcomments&post=547562"}],"version-history":[{"count":0,"href":"https:\/\/www.diarioimagen.net\/index.php?rest_route=\/wp\/v2\/posts\/547562\/revisions"}],"wp:featuredmedia":[{"embeddable":true,"href":"https:\/\/www.diarioimagen.net\/index.php?rest_route=\/wp\/v2\/media\/547702"}],"wp:attachment":[{"href":"https:\/\/www.diarioimagen.net\/index.php?rest_route=%2Fwp%2Fv2%2Fmedia&parent=547562"}],"wp:term":[{"taxonomy":"category","embeddable":true,"href":"https:\/\/www.diarioimagen.net\/index.php?rest_route=%2Fwp%2Fv2%2Fcategories&post=547562"},{"taxonomy":"post_tag","embeddable":true,"href":"https:\/\/www.diarioimagen.net\/index.php?rest_route=%2Fwp%2Fv2%2Ftags&post=547562"}],"curies":[{"name":"wp","href":"https:\/\/api.w.org\/{rel}","templated":true}]}}