{"id":547563,"date":"2022-05-25T00:05:05","date_gmt":"2022-05-25T05:05:05","guid":{"rendered":"https:\/\/www.diarioimagen.net\/?p=547563"},"modified":"2022-05-26T00:47:34","modified_gmt":"2022-05-26T05:47:34","slug":"testigos-sociales-fortalecen-transparencia-en-uso-de-los-recursos-publicos-cebd","status":"publish","type":"post","link":"https:\/\/www.diarioimagen.net\/?p=547563","title":{"rendered":"Testigos sociales fortalecen transparencia en uso de los recursos p\u00fablicos: CEBD"},"content":{"rendered":"<p><em>\u00a0<\/em><\/p>\n<ul>\n<li><strong><em>El rector de la UAEM\u00e9x, Carlos Eduardo Barrera D\u00edaz, rindi\u00f3 su informe de actividades durante su a\u00f1o de gesti\u00f3n al concluir su periodo como presidente del Comit\u00e9 de Registro de Testigos Sociales del Estado de M\u00e9xico<\/em><\/strong><\/li>\n<\/ul>\n<p><strong>\u00a0<\/strong><\/p>\n<div id=\"attachment_547686\" style=\"width: 470px\" class=\"wp-caption aligncenter\"><a href=\"https:\/\/www.diarioimagen.net\/?attachment_id=547686\" rel=\"attachment wp-att-547686\"><img loading=\"lazy\" decoding=\"async\" aria-describedby=\"caption-attachment-547686\" class=\"size-full wp-image-547686\" src=\"https:\/\/www.diarioimagen.net\/wp-content\/uploads\/2022\/05\/uaem2.jpg\" alt=\"\" width=\"460\" height=\"270\" \/><\/a><p id=\"caption-attachment-547686\" class=\"wp-caption-text\">Carlos Eduardo Barrera D\u00edaz, rector de la UAEM\u00e9x, tom\u00f3 protesta al comisionado presidente INFOEM, Jos\u00e9 Mart\u00ednez Vilchis, como su sucesor.<\/p><\/div>\n<p>&nbsp;<\/p>\n<p><strong>Metepec, Estado de M\u00e9xico.\u2014<\/strong> El rector de la Universidad Aut\u00f3noma del Estado de M\u00e9xico (UAEM\u00e9x), Carlos Eduardo Barrera D\u00edaz, concluy\u00f3 su periodo como presidente del Comit\u00e9 de Registro de Testigos Sociales estatal (CRTSEM) y tom\u00f3 protesta al comisionado presidente\u00a0 del Instituto de Transparencia y Acceso a la Informaci\u00f3n y Protecci\u00f3n de Datos Personales del Estado de M\u00e9xico y Municipios (INFOEM), Jos\u00e9 Mart\u00ednez Vilchis, quien le suceder\u00e1 en el cargo.<\/p>\n<p>Durante la primera Sesi\u00f3n Ordinaria del 2022 del CRTSEM, Barrera D\u00edaz, a\u00fan en su car\u00e1cter de presidente del Comit\u00e9, rindi\u00f3 su informe de actividades realizadas durante su a\u00f1o de gesti\u00f3n en el destac\u00f3 la recepci\u00f3n de nueve solicitudes de registro de Testigo Social, de las cuales se aprobaron ocho y se neg\u00f3 una; as\u00ed como 25 solicitudes de ampliaci\u00f3n de registro de Testigos Sociales de las cuales fueron aprobadas 23 y se negaron dos.<\/p>\n<p>En las instalaciones del INFOEM, detall\u00f3 que actualmente hay un padr\u00f3n de 31 Testigos Sociales de los cuales, 29 son personas jur\u00eddico colectivas y dos f\u00edsicas; mientras que instituciones y dependencias como el Instituto Electoral del Estado de M\u00e9xico (IEEM), el Sistema Mexiquense de Medios P\u00fablicos y el Poder Legislativo tuvieron mayor participaci\u00f3n de testigos sociales.<\/p>\n<p>\u201cLo que quisi\u00e9ramos resaltar es que este tipo de figura nos est\u00e1 ayudando mucho en este tipo de procesos y ah\u00ed su importancia de que sigamos aportando desde este Comit\u00e9\u201d, expres\u00f3<\/p>\n<p>En su oportunidad, Mart\u00ednez Vilchis reconoci\u00f3 la labor realizada por Barrera D\u00edaz al frente del Comit\u00e9 y record\u00f3 que la figura de Testigo Social es una de las que ha empujado la sociedad civil en M\u00e9xico pero con m\u00e1s dificultad para constituirse por lo que preservarla e impulsar es fundamental para mantener este destacado mecanismo de participaci\u00f3n social.<\/p>\n<p>Durante la sesi\u00f3n se registr\u00f3 la designaci\u00f3n y toma de protesta de diversas vocal\u00edas, la presentaci\u00f3n y aprobaci\u00f3n del calendario de d\u00edas h\u00e1biles e inh\u00e1biles del Comit\u00e9 y de las cuotas que las Unidades Administrativas Contratantes deber\u00e1n pagar a los Testigos Sociales por su participaci\u00f3n en las contrataciones p\u00fablicas para el ejercicio 2022.<\/p>\n<p>Los testigos sociales son un mecanismo de participaci\u00f3n ciudadana que interviene en contrataciones que se llevan a cabo en secretarias y unidades administrativas del poder Ejecutivo, en la Fiscal\u00eda General Justicia de la entidad, los ayuntamientos, los organismos auxiliares del estado y municipios, los tribunales administrativos, en algunos supuestos de los poderes legislativo y judicial, y en los organismos aut\u00f3nomos.<\/p>\n<p>Al acto acudieron integrantes del gabinete universitario y del INFOEM.<\/p>\n","protected":false},"excerpt":{"rendered":"<p>El rector de la Universidad Aut\u00f3noma del Estado de M\u00e9xico (UAEM\u00e9x), Carlos Eduardo Barrera D\u00edaz, concluy\u00f3 su periodo como presidente del Comit\u00e9 de Registro de Testigos Sociales estatal (CRTSEM) y tom\u00f3 protesta al comisionado presidente\u00a0 del Instituto de Transparencia y Acceso a la Informaci\u00f3n y Protecci\u00f3n de Datos Personales del Estado de M\u00e9xico y Municipios (INFOEM), Jos\u00e9 Mart\u00ednez Vilchis, quien le suceder\u00e1 en el cargo.<\/p>\n","protected":false},"author":3,"featured_media":547686,"comment_status":"open","ping_status":"open","sticky":false,"template":"","format":"standard","meta":{"_monsterinsights_skip_tracking":false,"_monsterinsights_sitenote_active":false,"_monsterinsights_sitenote_note":"","_monsterinsights_sitenote_category":0,"footnotes":""},"categories":[5],"tags":[92667,94121,67878],"class_list":["post-547563","post","type-post","status-publish","format-standard","has-post-thumbnail","hentry","category-estado-de-mexico","tag-carlos-eduardo-barrera-diaz","tag-cebd","tag-uaemex"],"_links":{"self":[{"href":"https:\/\/www.diarioimagen.net\/index.php?rest_route=\/wp\/v2\/posts\/547563","targetHints":{"allow":["GET"]}}],"collection":[{"href":"https:\/\/www.diarioimagen.net\/index.php?rest_route=\/wp\/v2\/posts"}],"about":[{"href":"https:\/\/www.diarioimagen.net\/index.php?rest_route=\/wp\/v2\/types\/post"}],"author":[{"embeddable":true,"href":"https:\/\/www.diarioimagen.net\/index.php?rest_route=\/wp\/v2\/users\/3"}],"replies":[{"embeddable":true,"href":"https:\/\/www.diarioimagen.net\/index.php?rest_route=%2Fwp%2Fv2%2Fcomments&post=547563"}],"version-history":[{"count":0,"href":"https:\/\/www.diarioimagen.net\/index.php?rest_route=\/wp\/v2\/posts\/547563\/revisions"}],"wp:featuredmedia":[{"embeddable":true,"href":"https:\/\/www.diarioimagen.net\/index.php?rest_route=\/wp\/v2\/media\/547686"}],"wp:attachment":[{"href":"https:\/\/www.diarioimagen.net\/index.php?rest_route=%2Fwp%2Fv2%2Fmedia&parent=547563"}],"wp:term":[{"taxonomy":"category","embeddable":true,"href":"https:\/\/www.diarioimagen.net\/index.php?rest_route=%2Fwp%2Fv2%2Fcategories&post=547563"},{"taxonomy":"post_tag","embeddable":true,"href":"https:\/\/www.diarioimagen.net\/index.php?rest_route=%2Fwp%2Fv2%2Ftags&post=547563"}],"curies":[{"name":"wp","href":"https:\/\/api.w.org\/{rel}","templated":true}]}}