{"id":547572,"date":"2022-05-25T00:01:19","date_gmt":"2022-05-25T05:01:19","guid":{"rendered":"https:\/\/www.diarioimagen.net\/?p=547572"},"modified":"2022-05-26T00:49:10","modified_gmt":"2022-05-26T05:49:10","slug":"trabajan-en-la-informalidad-31-millones-de-personas-inegi","status":"publish","type":"post","link":"https:\/\/www.diarioimagen.net\/?p=547572","title":{"rendered":"Trabajan en la informalidad 31 millones de personas: Inegi"},"content":{"rendered":"<p>&nbsp;<\/p>\n<h3 style=\"text-align: center;\">Hay 1.8 millones m\u00e1s que en 2021<\/h3>\n<p>&nbsp;<\/p>\n<ul>\n<li><em><strong>Los estados con tasas m\u00e1s altas son Oaxaca, Guerrero y Chiapas, seg\u00fan encuesta<\/strong> <\/em><\/li>\n<\/ul>\n<p>&nbsp;<\/p>\n<div id=\"attachment_547677\" style=\"width: 430px\" class=\"wp-caption aligncenter\"><img loading=\"lazy\" decoding=\"async\" aria-describedby=\"caption-attachment-547677\" class=\"size-full wp-image-547677\" src=\"https:\/\/www.diarioimagen.net\/wp-content\/uploads\/2022\/05\/EMPLEO-INFORMAL-420x247-1.jpg\" alt=\"\" width=\"420\" height=\"247\" \/><p id=\"caption-attachment-547677\" class=\"wp-caption-text\">Los estados con tasas m\u00e1s altas de informalidad laboral son Oaxaca, con 81.3%; Guerrero, con 78.1% y Chiapas con 73.8%.<\/p><\/div>\n<p>&nbsp;<\/p>\n<p>De acuerdo con datos del Instituto Nacional de Estad\u00edstica y Geograf\u00eda (Inegi), en el primer trimestre de este a\u00f1o, 31 millones de personas trabajan en la informalidad, lo que representa un aumento en 1.8 millones respecto al mismo lapso de 2021<\/p>\n<p>Dicha cifra representa el 55.2% de la poblaci\u00f3n ocupada en el pa\u00eds. Estas personas no cuentan con prestaciones ni seguridad social.<\/p>\n<p>Los estados con tasas m\u00e1s altas de informalidad laboral son Oaxaca con 81.3%, Guerrero con 78.1% y Chiapas con 73.8%.<\/p>\n<p>En lo referente a las entidades con las tasas m\u00e1s bajas de informalidad est\u00e1n Coahuila con 34%, Chihuahua con 35.1%, Nuevo Le\u00f3n reporta 36.7%, Baja California registra 37.9% y Baja California Sur con 38.5%.<\/p>\n<p>Los hombres que trabajan en la informalidad tuvieron un alza de 602 mil personas, al pas\u00f3 de 18.1 millones en el primer trimestre de 2021 a 18.7 millones en igual periodo de 2022.<\/p>\n<p>En tanto, las mujeres pasaron de 11.1 millones a 12.3 millones en el mismo periodo.<\/p>\n<p>El Inegi report\u00f3, en su Encuesta Nacional de Ocupaci\u00f3n y Empleo (ENOE), que en el primer trimestre de 2022, la tasa de desocupaci\u00f3n fue de 3.5% de la Poblaci\u00f3n Econ\u00f3micamente Activa, cifra menor que el 4.4% del mismo periodo de 2021.<\/p>\n<p>Mientras que la poblaci\u00f3n econ\u00f3micamente activa fue de 58.1 millones de personas, 2.7 millones m\u00e1s que en el primer trimestre del a\u00f1o pasado.<\/p>\n<p>Por sector de actividad, el crecimiento de poblaci\u00f3n activa se concentr\u00f3 en el comercio con un aumento de 893 mil ocupados; los restaurantes y servicios de alojamiento presentaron un incremento de 586 mil personas, y los servicios diversos el n\u00famero de personas subi\u00f3 en 490 mil.<\/p>\n<p>En tanto, los servicios profesionales, financieros y corporativos aumentaron 407 mil personas ocupadas, as\u00ed como el n\u00famero de personas ocupadas en micronegocios aument\u00f3 1.5 millones, en los peque\u00f1os establecimientos 527 mil y en los grandes establecimientos 462 mil.<\/p>\n<p>En el primer trimestre de 2022, la poblaci\u00f3n subocupada fue de 5 millones de personas y represent\u00f3 una tasa de 9% de la poblaci\u00f3n ocupada, 13.8% menos que en el primer trimestre de 2021.<\/p>\n","protected":false},"excerpt":{"rendered":"<p>De acuerdo con datos del Instituto Nacional de Estad\u00edstica y Geograf\u00eda (Inegi), en el primer trimestre de este a\u00f1o, 31 millones de personas trabajan en la informalidad, lo que representa un aumento en 1.8 millones respecto al mismo lapso de 2021<\/p>\n","protected":false},"author":3,"featured_media":547677,"comment_status":"open","ping_status":"open","sticky":false,"template":"","format":"standard","meta":{"_monsterinsights_skip_tracking":false,"_monsterinsights_sitenote_active":false,"_monsterinsights_sitenote_note":"","_monsterinsights_sitenote_category":0,"footnotes":""},"categories":[8],"tags":[43678,193,27303],"class_list":["post-547572","post","type-post","status-publish","format-standard","has-post-thumbnail","hentry","category-finanzas","tag-finanzas","tag-inegi","tag-informalidad"],"_links":{"self":[{"href":"https:\/\/www.diarioimagen.net\/index.php?rest_route=\/wp\/v2\/posts\/547572","targetHints":{"allow":["GET"]}}],"collection":[{"href":"https:\/\/www.diarioimagen.net\/index.php?rest_route=\/wp\/v2\/posts"}],"about":[{"href":"https:\/\/www.diarioimagen.net\/index.php?rest_route=\/wp\/v2\/types\/post"}],"author":[{"embeddable":true,"href":"https:\/\/www.diarioimagen.net\/index.php?rest_route=\/wp\/v2\/users\/3"}],"replies":[{"embeddable":true,"href":"https:\/\/www.diarioimagen.net\/index.php?rest_route=%2Fwp%2Fv2%2Fcomments&post=547572"}],"version-history":[{"count":0,"href":"https:\/\/www.diarioimagen.net\/index.php?rest_route=\/wp\/v2\/posts\/547572\/revisions"}],"wp:featuredmedia":[{"embeddable":true,"href":"https:\/\/www.diarioimagen.net\/index.php?rest_route=\/wp\/v2\/media\/547677"}],"wp:attachment":[{"href":"https:\/\/www.diarioimagen.net\/index.php?rest_route=%2Fwp%2Fv2%2Fmedia&parent=547572"}],"wp:term":[{"taxonomy":"category","embeddable":true,"href":"https:\/\/www.diarioimagen.net\/index.php?rest_route=%2Fwp%2Fv2%2Fcategories&post=547572"},{"taxonomy":"post_tag","embeddable":true,"href":"https:\/\/www.diarioimagen.net\/index.php?rest_route=%2Fwp%2Fv2%2Ftags&post=547572"}],"curies":[{"name":"wp","href":"https:\/\/api.w.org\/{rel}","templated":true}]}}