{"id":547583,"date":"2022-05-25T00:03:21","date_gmt":"2022-05-25T05:03:21","guid":{"rendered":"https:\/\/www.diarioimagen.net\/?p=547583"},"modified":"2022-05-25T05:33:10","modified_gmt":"2022-05-25T10:33:10","slug":"gobierno-de-atizapan-coordina-trabajos-con-la-caem-para-evitar-inundaciones","status":"publish","type":"post","link":"https:\/\/www.diarioimagen.net\/?p=547583","title":{"rendered":"Gobierno de Atizap\u00e1n coordina trabajos con la CAEM para evitar inundaciones"},"content":{"rendered":"<p>&nbsp;<\/p>\n<ul>\n<li><strong><em>Desazolve de la presa El \u00c1ngulo<\/em><\/strong><\/li>\n<\/ul>\n<p>&nbsp;<\/p>\n<div id=\"attachment_547719\" style=\"width: 470px\" class=\"wp-caption aligncenter\"><a href=\"https:\/\/www.diarioimagen.net\/?attachment_id=547719\" rel=\"attachment wp-att-547719\"><img loading=\"lazy\" decoding=\"async\" aria-describedby=\"caption-attachment-547719\" class=\"size-full wp-image-547719\" src=\"https:\/\/www.diarioimagen.net\/wp-content\/uploads\/2022\/05\/atizapan-2.jpg\" alt=\"\" width=\"460\" height=\"270\" \/><\/a><p id=\"caption-attachment-547719\" class=\"wp-caption-text\">Autoridades municipales y estatales realizaron una jornada de limpieza y desazolve de la Presa El \u00c1ngulo.<\/p><\/div>\n<p>&nbsp;<\/p>\n<p><strong>Atizap\u00e1n de Zaragoza, Estado de M\u00e9xico.\u2014<\/strong> Para evitar inundaciones durante la temporada de lluvias, el gobierno de este Municipio trabaja en coordinaci\u00f3n con la Comisi\u00f3n del Agua del Estado de M\u00e9xico (CAEM) y el Organismo P\u00fablico Descentralizado Municipal para la Prestaci\u00f3n de los Servicios de Agua Potable, Alcantarillado y Saneamiento (Operagua) de Cuautitl\u00e1n Izcalli.<\/p>\n<p>Como parte de las labores, autoridades municipales y estatales realizaron una jornada de limpieza y desazolve de la presa El \u00c1ngulo, ubicada en la colindancia de ambas demarcaciones, con lo que se busca recuperar la capacidad hidr\u00e1ulica del cuerpo de agua y del sistema de drenaje.<\/p>\n<p>De acuerdo con el Alcalde atizapense, Pedro Rodr\u00edguez Villegas, es necesario el apoyo del Gobierno estatal, ya que los municipios no cuentan con los recursos suficientes para enfrentar inundaciones o desbordamientos.<\/p>\n<p>Adem\u00e1s, los Servicios de Agua Potable, Alcantarillado y Saneamiento de Atizap\u00e1n de Zaragoza (SAPASA) dan continuidad a los trabajos realizados en territorio municipal, como la limpieza y el desazolve del R\u00edo Chamacuero, en la Colonia San Jos\u00e9 El Jaral.<\/p>\n<p>De acuerdo con SAPASA, las labores en este r\u00edo, que es el desfogue de la Presa El \u00c1ngulo, benefician y protegen el patrimonio de 14,254 atizapenses.<\/p>\n<p>Por su parte, el gobierno mexiquense contempla un Plan de Contingencias para la Temporada de Lluvias 2022 enfocado en la atenci\u00f3n inmediata de encharcamientos e inundaciones, que incluye la instalaci\u00f3n de 28 campamentos de atenci\u00f3n ciudadana en 19 municipios.<\/p>\n","protected":false},"excerpt":{"rendered":"<p>Para evitar inundaciones durante la temporada de lluvias, el gobierno de este Municipio trabaja en coordinaci\u00f3n con la Comisi\u00f3n del Agua del Estado de M\u00e9xico (CAEM) y el Organismo P\u00fablico Descentralizado Municipal para la Prestaci\u00f3n de los Servicios de Agua Potable, Alcantarillado y Saneamiento (Operagua) de Cuautitl\u00e1n Izcalli.<\/p>\n","protected":false},"author":3,"featured_media":547719,"comment_status":"open","ping_status":"open","sticky":false,"template":"","format":"standard","meta":{"_monsterinsights_skip_tracking":false,"_monsterinsights_sitenote_active":false,"_monsterinsights_sitenote_note":"","_monsterinsights_sitenote_category":0,"footnotes":""},"categories":[5],"tags":[3561,2272,43675,1985],"class_list":["post-547583","post","type-post","status-publish","format-standard","has-post-thumbnail","hentry","category-estado-de-mexico","tag-atizapan-de-zaragoza","tag-caem","tag-estado-de-mexico","tag-inundaciones"],"_links":{"self":[{"href":"https:\/\/www.diarioimagen.net\/index.php?rest_route=\/wp\/v2\/posts\/547583","targetHints":{"allow":["GET"]}}],"collection":[{"href":"https:\/\/www.diarioimagen.net\/index.php?rest_route=\/wp\/v2\/posts"}],"about":[{"href":"https:\/\/www.diarioimagen.net\/index.php?rest_route=\/wp\/v2\/types\/post"}],"author":[{"embeddable":true,"href":"https:\/\/www.diarioimagen.net\/index.php?rest_route=\/wp\/v2\/users\/3"}],"replies":[{"embeddable":true,"href":"https:\/\/www.diarioimagen.net\/index.php?rest_route=%2Fwp%2Fv2%2Fcomments&post=547583"}],"version-history":[{"count":0,"href":"https:\/\/www.diarioimagen.net\/index.php?rest_route=\/wp\/v2\/posts\/547583\/revisions"}],"wp:featuredmedia":[{"embeddable":true,"href":"https:\/\/www.diarioimagen.net\/index.php?rest_route=\/wp\/v2\/media\/547719"}],"wp:attachment":[{"href":"https:\/\/www.diarioimagen.net\/index.php?rest_route=%2Fwp%2Fv2%2Fmedia&parent=547583"}],"wp:term":[{"taxonomy":"category","embeddable":true,"href":"https:\/\/www.diarioimagen.net\/index.php?rest_route=%2Fwp%2Fv2%2Fcategories&post=547583"},{"taxonomy":"post_tag","embeddable":true,"href":"https:\/\/www.diarioimagen.net\/index.php?rest_route=%2Fwp%2Fv2%2Ftags&post=547583"}],"curies":[{"name":"wp","href":"https:\/\/api.w.org\/{rel}","templated":true}]}}