{"id":547585,"date":"2022-05-25T00:02:39","date_gmt":"2022-05-25T05:02:39","guid":{"rendered":"https:\/\/www.diarioimagen.net\/?p=547585"},"modified":"2022-05-25T05:27:57","modified_gmt":"2022-05-25T10:27:57","slug":"fgjem-fabrico-culpables-en-tiempos-de-alejandro-gomez-legisladores-morenistas","status":"publish","type":"post","link":"https:\/\/www.diarioimagen.net\/?p=547585","title":{"rendered":"FGJEM fabric\u00f3 culpables en tiempos de Alejandro G\u00f3mez: legisladores morenistas"},"content":{"rendered":"<p>&nbsp;<\/p>\n<ul>\n<li><strong><em>Apoyan revisi\u00f3n de m\u00e1s de 3 mil carpetas de investigaci\u00f3n<\/em><\/strong><\/li>\n<\/ul>\n<p>&nbsp;<\/p>\n<h6>Arturo Baena<\/h6>\n<p>&nbsp;<\/p>\n<div id=\"attachment_547711\" style=\"width: 470px\" class=\"wp-caption aligncenter\"><a href=\"https:\/\/www.diarioimagen.net\/?attachment_id=547711\" rel=\"attachment wp-att-547711\"><img loading=\"lazy\" decoding=\"async\" aria-describedby=\"caption-attachment-547711\" class=\"size-full wp-image-547711\" src=\"https:\/\/www.diarioimagen.net\/wp-content\/uploads\/2022\/05\/toluca-7.jpg\" alt=\"\" width=\"460\" height=\"270\" \/><\/a><p id=\"caption-attachment-547711\" class=\"wp-caption-text\">Legisladores morenistas pidieron instalar una mesa de trabajo con familiares de personas privadas de la libertad\u00a0 para la revisi\u00f3n de m\u00e1s de tres mil carpetas de investigaci\u00f3n por irregularidades en la FGJ Edomex.<\/p><\/div>\n<p>&nbsp;<\/p>\n<p><strong>Toluca, Estado de M\u00e9xico.\u2014<\/strong> El presidente de la Comisi\u00f3n de Sistemas Penitenciario Ariel Ju\u00e1rez Rodr\u00edguez, y el de la Comisi\u00f3n de Procuraci\u00f3n y Administraci\u00f3n de Justicia, Gerardo Ulloa P\u00e9rez, pidieron al Gobierno del Estado instalar una mesa de trabajo con familiares de personas privadas de la libertad\u00a0 para la revisi\u00f3n de m\u00e1s de tres mil carpetas de investigaci\u00f3n por graves irregularidades en la integraci\u00f3n, lo que deriv\u00f3 en la fabricaci\u00f3n de falsos culpables.<\/p>\n<p>Al acompa\u00f1ar a integrantes del colectivo Haz Valer mi Libertad, en una protesta realizada afuera del Palacio de Gobierno, los legisladores morenistas exigieron al gobierno estatal revisar los casos de los injustamente privados de su libertad por una serie de inconsistencias y denuncias de las que han hecho caso omiso las secretar\u00edas de Gobierno, Seguridad P\u00fablica, el Sistema Penitenciario y la Direcci\u00f3n de Reclusorios.<\/p>\n<p>Refiri\u00f3 que en su momento, la Fiscal\u00eda en el periodo de Alejandro G\u00f3mez S\u00e1nchez se dedic\u00f3 a meter gente a las c\u00e1rceles solo por un tema estad\u00edstico, de lo cual hay graves irregularidades en m\u00e1s de tres mil carpetas de investigaci\u00f3n, por la actuaci\u00f3n de polic\u00edas de investigaci\u00f3n, ministerios p\u00fablicos, que de revisarse, permitir\u00eda la despresurizaci\u00f3n de los penales y bajar\u00eda la sobrepoblaci\u00f3n porque en su mayor\u00eda hay gente inocente.<\/p>\n<p>\u201cNo es construyendo m\u00e1s penales como vamos a despresurizar las c\u00e1rceles, es revisando los casos de la gente a la que le fabricaron un delito, por eso urge una mesa de trabajo con estas \u00e1reas y la intervenci\u00f3n de la Fiscal\u00eda. Lo que est\u00e1n pidiendo es la apertura de expedientes por la cual est\u00e1n siendo privados de su libertad\u201d.<\/p>\n<p>Ariel Ju\u00e1rez precis\u00f3 que hay muchas carpetas de investigaci\u00f3n en las que no coincide modo, tiempo, lugar y circunstancia, y sobre todo personaje, por eso acompa\u00f1aron a los familiares de los ppl, y evitar que pudiera generarse una nueva represi\u00f3n por parte de la polic\u00eda estatal, y exigir una mesa de trabajo con las comisiones legislativas, los manifestantes y el gobierno estatal.<\/p>\n","protected":false},"excerpt":{"rendered":"<p>El presidente de la Comisi\u00f3n de Sistemas Penitenciario Ariel Ju\u00e1rez Rodr\u00edguez, y el de la Comisi\u00f3n de Procuraci\u00f3n y Administraci\u00f3n de Justicia, Gerardo Ulloa P\u00e9rez, pidieron al Gobierno del Estado instalar una mesa de trabajo con familiares de personas privadas de la libertad\u00a0 para la revisi\u00f3n de m\u00e1s de tres mil carpetas de investigaci\u00f3n por graves irregularidades en la integraci\u00f3n, lo que deriv\u00f3 en la fabricaci\u00f3n de falsos culpables.<\/p>\n","protected":false},"author":3,"featured_media":547711,"comment_status":"open","ping_status":"open","sticky":false,"template":"","format":"standard","meta":{"_monsterinsights_skip_tracking":false,"_monsterinsights_sitenote_active":false,"_monsterinsights_sitenote_note":"","_monsterinsights_sitenote_category":0,"footnotes":""},"categories":[5],"tags":[95550,43675,452],"class_list":["post-547585","post","type-post","status-publish","format-standard","has-post-thumbnail","hentry","category-estado-de-mexico","tag-comision-de-sistemas-penitenciario","tag-estado-de-mexico","tag-toluca"],"_links":{"self":[{"href":"https:\/\/www.diarioimagen.net\/index.php?rest_route=\/wp\/v2\/posts\/547585","targetHints":{"allow":["GET"]}}],"collection":[{"href":"https:\/\/www.diarioimagen.net\/index.php?rest_route=\/wp\/v2\/posts"}],"about":[{"href":"https:\/\/www.diarioimagen.net\/index.php?rest_route=\/wp\/v2\/types\/post"}],"author":[{"embeddable":true,"href":"https:\/\/www.diarioimagen.net\/index.php?rest_route=\/wp\/v2\/users\/3"}],"replies":[{"embeddable":true,"href":"https:\/\/www.diarioimagen.net\/index.php?rest_route=%2Fwp%2Fv2%2Fcomments&post=547585"}],"version-history":[{"count":0,"href":"https:\/\/www.diarioimagen.net\/index.php?rest_route=\/wp\/v2\/posts\/547585\/revisions"}],"wp:featuredmedia":[{"embeddable":true,"href":"https:\/\/www.diarioimagen.net\/index.php?rest_route=\/wp\/v2\/media\/547711"}],"wp:attachment":[{"href":"https:\/\/www.diarioimagen.net\/index.php?rest_route=%2Fwp%2Fv2%2Fmedia&parent=547585"}],"wp:term":[{"taxonomy":"category","embeddable":true,"href":"https:\/\/www.diarioimagen.net\/index.php?rest_route=%2Fwp%2Fv2%2Fcategories&post=547585"},{"taxonomy":"post_tag","embeddable":true,"href":"https:\/\/www.diarioimagen.net\/index.php?rest_route=%2Fwp%2Fv2%2Ftags&post=547585"}],"curies":[{"name":"wp","href":"https:\/\/api.w.org\/{rel}","templated":true}]}}