{"id":547587,"date":"2022-05-25T00:04:01","date_gmt":"2022-05-25T05:04:01","guid":{"rendered":"https:\/\/www.diarioimagen.net\/?p=547587"},"modified":"2022-05-25T05:32:25","modified_gmt":"2022-05-25T10:32:25","slug":"vencen-la-covid-19-poco-mas-de-110-mil-mexiquenses","status":"publish","type":"post","link":"https:\/\/www.diarioimagen.net\/?p=547587","title":{"rendered":"Vencen la Covid-19 poco m\u00e1s de 110 mil mexiquenses"},"content":{"rendered":"<p>&nbsp;<\/p>\n<p><a href=\"https:\/\/www.diarioimagen.net\/?attachment_id=547716\" rel=\"attachment wp-att-547716\"><img loading=\"lazy\" decoding=\"async\" class=\"aligncenter size-full wp-image-547716\" src=\"https:\/\/www.diarioimagen.net\/wp-content\/uploads\/2022\/05\/toluca-covid.jpg\" alt=\"\" width=\"460\" height=\"270\" \/><\/a><\/p>\n<p>&nbsp;<\/p>\n<p><strong>Toluca, Estado de M\u00e9xico.\u2014<\/strong> De acuerdo al corte semanal, la Secretar\u00eda de Salud del Estado de M\u00e9xico report\u00f3 que 110 mil 959 personas superaron a la Covid-19 y recibieron su alta sanitaria, por lo que llam\u00f3 a mantener las medidas correspondientes para evitar contraer esta enfermedad.<\/p>\n<p>La dependencia notific\u00f3 que 187 mil 538 casos confirmados como positivos, 247 mil 530 negativos y 39 mil 231 se consideraron como sospechosos y permanecen en vigilancia epidemiol\u00f3gica hasta confirmar o descartar el contagio al virus SARS-CoV-2.<\/p>\n<p>&nbsp;<\/p>\n","protected":false},"excerpt":{"rendered":"<p>De acuerdo al corte semanal, la Secretar\u00eda de Salud del Estado de M\u00e9xico report\u00f3 que 110 mil 959 personas superaron a la Covid-19 y recibieron su alta sanitaria, por lo que llam\u00f3 a mantener las medidas correspondientes para evitar contraer esta enfermedad.<\/p>\n","protected":false},"author":3,"featured_media":547716,"comment_status":"open","ping_status":"open","sticky":false,"template":"","format":"standard","meta":{"_monsterinsights_skip_tracking":false,"_monsterinsights_sitenote_active":false,"_monsterinsights_sitenote_note":"","_monsterinsights_sitenote_category":0,"footnotes":""},"categories":[18863],"tags":[95551,90021,43675,70779,452],"class_list":["post-547587","post","type-post","status-publish","format-standard","has-post-thumbnail","hentry","category-salud-edomex","tag-aliviados","tag-covid-19","tag-estado-de-mexico","tag-supera","tag-toluca"],"_links":{"self":[{"href":"https:\/\/www.diarioimagen.net\/index.php?rest_route=\/wp\/v2\/posts\/547587","targetHints":{"allow":["GET"]}}],"collection":[{"href":"https:\/\/www.diarioimagen.net\/index.php?rest_route=\/wp\/v2\/posts"}],"about":[{"href":"https:\/\/www.diarioimagen.net\/index.php?rest_route=\/wp\/v2\/types\/post"}],"author":[{"embeddable":true,"href":"https:\/\/www.diarioimagen.net\/index.php?rest_route=\/wp\/v2\/users\/3"}],"replies":[{"embeddable":true,"href":"https:\/\/www.diarioimagen.net\/index.php?rest_route=%2Fwp%2Fv2%2Fcomments&post=547587"}],"version-history":[{"count":0,"href":"https:\/\/www.diarioimagen.net\/index.php?rest_route=\/wp\/v2\/posts\/547587\/revisions"}],"wp:featuredmedia":[{"embeddable":true,"href":"https:\/\/www.diarioimagen.net\/index.php?rest_route=\/wp\/v2\/media\/547716"}],"wp:attachment":[{"href":"https:\/\/www.diarioimagen.net\/index.php?rest_route=%2Fwp%2Fv2%2Fmedia&parent=547587"}],"wp:term":[{"taxonomy":"category","embeddable":true,"href":"https:\/\/www.diarioimagen.net\/index.php?rest_route=%2Fwp%2Fv2%2Fcategories&post=547587"},{"taxonomy":"post_tag","embeddable":true,"href":"https:\/\/www.diarioimagen.net\/index.php?rest_route=%2Fwp%2Fv2%2Ftags&post=547587"}],"curies":[{"name":"wp","href":"https:\/\/api.w.org\/{rel}","templated":true}]}}