{"id":547589,"date":"2022-05-25T00:01:10","date_gmt":"2022-05-25T05:01:10","guid":{"rendered":"https:\/\/www.diarioimagen.net\/?p=547589"},"modified":"2022-05-25T05:30:26","modified_gmt":"2022-05-25T10:30:26","slug":"prd-no-ira-con-pri-ni-pan-en-procesos-electorales-de-2023-afirma-la-dirigente-perredista-lucina-cortes","status":"publish","type":"post","link":"https:\/\/www.diarioimagen.net\/?p=547589","title":{"rendered":"PRD no ir\u00e1 con PRI ni PAN en procesos electorales de 2023, afirma la dirigente perredista Lucina Cort\u00e9s"},"content":{"rendered":"<p>&nbsp;<\/p>\n<ul>\n<li><strong><em>Candidatura propia para gobernador<\/em><\/strong><\/li>\n<\/ul>\n<p>&nbsp;<\/p>\n<h6>Arturo Baena<\/h6>\n<p>&nbsp;<\/p>\n<div id=\"attachment_547714\" style=\"width: 470px\" class=\"wp-caption aligncenter\"><a href=\"https:\/\/www.diarioimagen.net\/?attachment_id=547714\" rel=\"attachment wp-att-547714\"><img loading=\"lazy\" decoding=\"async\" aria-describedby=\"caption-attachment-547714\" class=\"size-full wp-image-547714\" src=\"https:\/\/www.diarioimagen.net\/wp-content\/uploads\/2022\/05\/naucalpan-15.jpg\" alt=\"\" width=\"460\" height=\"270\" \/><\/a><p id=\"caption-attachment-547714\" class=\"wp-caption-text\">La regidora del sol azteca en Naucalpan, Lucina Cort\u00e9s, destaca que ser\u00e1 el Consejo Pol\u00edtico Estatal quien determine qui\u00e9nes ser\u00e1n sus candidatos a cargos de elecci\u00f3n popular.<\/p><\/div>\n<p>&nbsp;<\/p>\n<p><strong>Naucalpan, Estado de M\u00e9xico.\u2014<\/strong> El Partido de la Revoluci\u00f3n Democr\u00e1tica (PRD) en el Estado de M\u00e9xico, insisti\u00f3 que, en las elecciones del 2023 para renovar la gubernatura, \u201cir\u00e1 solo\u201d con una candidatura propia y no con el PAN y PRI, sus actuales aliados.<\/p>\n<p>Se\u00f1al\u00f3 en entrevista la dirigente municipal y regidora del sol azteca en esta localidad, Lucina Cort\u00e9s Cornejo, al tiempo de destacar que \u201cnuestros estatutos son muy claros y en ellos se establece que ser\u00e1 el Consejo Pol\u00edtico Estatal quien determine qui\u00e9n o qui\u00e9nes ser\u00e1n sus candidatos a cargos de elecci\u00f3n popular y el 2023, no ser\u00e1 la excepci\u00f3n\u201d, dijo.<\/p>\n<p>En ese sentido y al participar en un encuentro con estudiantes de la Universidad Aut\u00f3noma del Estado de M\u00e9xico (UAEM), los dirigentes del partido en la entidad, Agust\u00edn Barrera Soriano y Omar Ortega, este \u00faltimo coordinador de bancada, anticiparon que su partido est\u00e1 creciendo en las encuestas respecto a las preferencias ciudadanas, aunque no citaron fuentes.<\/p>\n<p>\u201cVamos a dar lo que tengamos que dar, ser\u00e1 la madre de todas las batallas, porque si no sacamos el 23 solos, no tendremos 24\u201d, sostuvo Barrera, al ser cuestionado por algunos de los estudiantes de la Facultad de Ciencias Pol\u00edticas y Sociales.<\/p>\n<p>Por su parte, Omar Ortega, quien se perfila a ser el candidato del PRD a la gubernatura, asegur\u00f3 que el partido est\u00e1 listo para competir por la gubernatura mexiquense, en un proceso que se considera decisivo para la entidad.<\/p>\n<p>Finalmente, la regidora Lucina Cort\u00e9s, manifest\u00f3 qu\u00e9 el \u00faltimo triunfo del PRD en la presidencia municipal en Atlautla, se demuestra que ese instituto pol\u00edtico \u201cd\u00eda a d\u00eda va creciendo y dar\u00e1 la sorpresa en los procesos electorales del 2023\u201d.<\/p>\n","protected":false},"excerpt":{"rendered":"<p>El Partido de la Revoluci\u00f3n Democr\u00e1tica (PRD) en el Estado de M\u00e9xico, insisti\u00f3 que, en las elecciones del 2023 para renovar la gubernatura, \u201cir\u00e1 solo\u201d con una candidatura propia y no con el PAN y PRI, sus actuales aliados.<\/p>\n","protected":false},"author":3,"featured_media":547714,"comment_status":"open","ping_status":"open","sticky":false,"template":"","format":"standard","meta":{"_monsterinsights_skip_tracking":false,"_monsterinsights_sitenote_active":false,"_monsterinsights_sitenote_note":"","_monsterinsights_sitenote_category":0,"footnotes":""},"categories":[5],"tags":[43675,57247,970,211,95007],"class_list":["post-547589","post","type-post","status-publish","format-standard","has-post-thumbnail","hentry","category-estado-de-mexico","tag-estado-de-mexico","tag-gubernatura","tag-naucalpan","tag-prd","tag-renovar"],"_links":{"self":[{"href":"https:\/\/www.diarioimagen.net\/index.php?rest_route=\/wp\/v2\/posts\/547589","targetHints":{"allow":["GET"]}}],"collection":[{"href":"https:\/\/www.diarioimagen.net\/index.php?rest_route=\/wp\/v2\/posts"}],"about":[{"href":"https:\/\/www.diarioimagen.net\/index.php?rest_route=\/wp\/v2\/types\/post"}],"author":[{"embeddable":true,"href":"https:\/\/www.diarioimagen.net\/index.php?rest_route=\/wp\/v2\/users\/3"}],"replies":[{"embeddable":true,"href":"https:\/\/www.diarioimagen.net\/index.php?rest_route=%2Fwp%2Fv2%2Fcomments&post=547589"}],"version-history":[{"count":0,"href":"https:\/\/www.diarioimagen.net\/index.php?rest_route=\/wp\/v2\/posts\/547589\/revisions"}],"wp:featuredmedia":[{"embeddable":true,"href":"https:\/\/www.diarioimagen.net\/index.php?rest_route=\/wp\/v2\/media\/547714"}],"wp:attachment":[{"href":"https:\/\/www.diarioimagen.net\/index.php?rest_route=%2Fwp%2Fv2%2Fmedia&parent=547589"}],"wp:term":[{"taxonomy":"category","embeddable":true,"href":"https:\/\/www.diarioimagen.net\/index.php?rest_route=%2Fwp%2Fv2%2Fcategories&post=547589"},{"taxonomy":"post_tag","embeddable":true,"href":"https:\/\/www.diarioimagen.net\/index.php?rest_route=%2Fwp%2Fv2%2Ftags&post=547589"}],"curies":[{"name":"wp","href":"https:\/\/api.w.org\/{rel}","templated":true}]}}