{"id":547631,"date":"2022-05-25T00:03:23","date_gmt":"2022-05-25T05:03:23","guid":{"rendered":"https:\/\/www.diarioimagen.net\/?p=547631"},"modified":"2022-05-25T02:48:58","modified_gmt":"2022-05-25T07:48:58","slug":"13-mil-medicos-mas","status":"publish","type":"post","link":"https:\/\/www.diarioimagen.net\/?p=547631","title":{"rendered":"13 mil m\u00e9dicos m\u00e1s"},"content":{"rendered":"<h2>Espacio Electoral<\/h2>\n<h5>Eleazar Flores<\/h5>\n<p>&nbsp;<\/p>\n<p><strong>Y SER\u00c1N MEXICANOS-.<\/strong> Para empezar, nada de chauvinismos ni animadversi\u00f3n contra cubanos -y menos contra las cubanitas-, pero gratifica que un gobierno pregonador de que \u201cprimero los pobres\u201d, cristalice el anhelo de miles\u00a0 de pobres m\u00e9dicos-as sin trabajo, luego de haber sido despedidos injustamente, no obstante haber colaborado a brazo partido contra la pandemia.<\/p>\n<p>El anuncio del director general del Instituto Mexicano del Seguro Social, IMSS, el oaxaque\u00f1o Zoe Robledo, deja una tranquilidad a medias al anunciar la contrataci\u00f3n de trece mil plazas para profesionales de la salud y hacer frente a la carencia de los mismos en zonas cr\u00edticas.<\/p>\n<p>La tranquilidad a medias obedece a dos razones, la primera es tranquilizar las aguas de la Universidad Nacional Aut\u00f3noma de M\u00e9xico, UNAM, luego de los ataques del padre de la Cuarta Transformaci\u00f3n\u201d, la que critic\u00f3 diciendo que sus egresados de medicina no hab\u00edan participado como se esperaba en la lucha contra la pandemia; pero fue desenmascarado de inmediato por las altas autoridades de la m\u00e1xima casa de estudios, para lo cual ya no hubo respuesta presidencial.<\/p>\n<p>Otra parte de la tranquilidad a medias se debe a que para satisfacer al comandante guinda, el oaxaque\u00f1o Zoe Robledo ni tardo ni perezoso apunt\u00f3 a la instituci\u00f3n que dirige como absorbedora del Instituto de Salud para el Bienestar, Insabi.<\/p>\n<p><strong>\u00bfY LOS CUBANITOS?-.<\/strong> La creaci\u00f3n de las trece mil plazas para mexicanos-as dedicados a la medicina no ampl\u00eda la informaci\u00f3n, quedando en el aire la posible contrataci\u00f3n de los quinientos profesionales cubanos, cuya negativa popular le caus\u00f3 mucho escozor al autodenominado precursor de los debates y de los combates a la corrupci\u00f3n, pero tambi\u00e9n combates abiertos contra los medios de comunicaci\u00f3n divergentes a su \u00bfomnisapiente? forma de pensar.<\/p>\n<p>Podr\u00eda darse el caso de que la contrataci\u00f3n de los cubanos siga adelante, total, al rato la Suprema Corte de Justicia de la Naci\u00f3n ordenar\u00e1 que \u00e9sta es \u201cinformaci\u00f3n reservada\u201d, como ha sucedido con otras informaciones relacionadas preferentemente con el Fiscal General de la Rep\u00fablica Alejandro Gertz Manero y de los parientes presidenciales mejor ni hablar, ah\u00ed ni p\u00edo dicen de P\u00edo los integrantes del impoluto Poder Judicial de la Federaci\u00f3n.<\/p>\n<p>Pero trat\u00e1ndose de contrataci\u00f3n de mexicanos o mexicanas dedicadas a la medicina, esperamos que sea el IMSS o en una de tantas ma\u00f1aneras, el due\u00f1o del p\u00falpito nos informe en un serm\u00f3n acerca del seguimiento, pues aunque lo dude, se trata de un asunto importante para poder hacer llegar los servicio m\u00e9dicos a los lugares donde la gente los necesita.<\/p>\n<p><em><a href=\"mailto:elefa44@gmail.com\" target=\"_blank\" rel=\"noopener noreferrer\">elefa44@gmail.com<\/a><\/em><\/p>\n","protected":false},"excerpt":{"rendered":"<p><span style=\"color: #005497;\"><strong>Eleazar Flores<\/strong><\/span><\/p>\n","protected":false},"author":3,"featured_media":0,"comment_status":"open","ping_status":"open","sticky":false,"template":"","format":"standard","meta":{"_monsterinsights_skip_tracking":false,"_monsterinsights_sitenote_active":false,"_monsterinsights_sitenote_note":"","_monsterinsights_sitenote_category":0,"footnotes":""},"categories":[81743],"tags":[81744,81776,43674],"class_list":["post-547631","post","type-post","status-publish","format-standard","hentry","category-eleazar-flores","tag-eleazar-flores","tag-espacio-electoral","tag-opinion"],"_links":{"self":[{"href":"https:\/\/www.diarioimagen.net\/index.php?rest_route=\/wp\/v2\/posts\/547631","targetHints":{"allow":["GET"]}}],"collection":[{"href":"https:\/\/www.diarioimagen.net\/index.php?rest_route=\/wp\/v2\/posts"}],"about":[{"href":"https:\/\/www.diarioimagen.net\/index.php?rest_route=\/wp\/v2\/types\/post"}],"author":[{"embeddable":true,"href":"https:\/\/www.diarioimagen.net\/index.php?rest_route=\/wp\/v2\/users\/3"}],"replies":[{"embeddable":true,"href":"https:\/\/www.diarioimagen.net\/index.php?rest_route=%2Fwp%2Fv2%2Fcomments&post=547631"}],"version-history":[{"count":0,"href":"https:\/\/www.diarioimagen.net\/index.php?rest_route=\/wp\/v2\/posts\/547631\/revisions"}],"wp:attachment":[{"href":"https:\/\/www.diarioimagen.net\/index.php?rest_route=%2Fwp%2Fv2%2Fmedia&parent=547631"}],"wp:term":[{"taxonomy":"category","embeddable":true,"href":"https:\/\/www.diarioimagen.net\/index.php?rest_route=%2Fwp%2Fv2%2Fcategories&post=547631"},{"taxonomy":"post_tag","embeddable":true,"href":"https:\/\/www.diarioimagen.net\/index.php?rest_route=%2Fwp%2Fv2%2Ftags&post=547631"}],"curies":[{"name":"wp","href":"https:\/\/api.w.org\/{rel}","templated":true}]}}