{"id":547726,"date":"2022-05-26T00:01:45","date_gmt":"2022-05-26T05:01:45","guid":{"rendered":"https:\/\/www.diarioimagen.net\/?p=547726"},"modified":"2022-05-27T01:01:21","modified_gmt":"2022-05-27T06:01:21","slug":"claudia-sheinbaum-y-senadores-de-morena-pt-y-pvem-cierran-filas-con-americo-villarreal","status":"publish","type":"post","link":"https:\/\/www.diarioimagen.net\/?p=547726","title":{"rendered":"Claudia Sheinbaum y senadores de Morena, PT y PVEM cierran filas con Am\u00e9rico Villarreal"},"content":{"rendered":"<p>&nbsp;<\/p>\n<ul>\n<li><strong><em>Exigen al gobernador de Tamaulipas no intervenir en el proceso electoral<\/em><\/strong><\/li>\n<\/ul>\n<p><strong>\u00a0<\/strong><\/p>\n<div id=\"attachment_547833\" style=\"width: 470px\" class=\"wp-caption aligncenter\"><a href=\"https:\/\/www.diarioimagen.net\/?attachment_id=547833\" rel=\"attachment wp-att-547833\"><img loading=\"lazy\" decoding=\"async\" aria-describedby=\"caption-attachment-547833\" class=\"size-full wp-image-547833\" src=\"https:\/\/www.diarioimagen.net\/wp-content\/uploads\/2022\/05\/americo.jpg\" alt=\"\" width=\"460\" height=\"270\" \/><\/a><p id=\"caption-attachment-547833\" class=\"wp-caption-text\">El candidato\u00a0 de Morena al gobierno de Tamaulipas, Am\u00e9rico Villarreal Anaya, recibi\u00f3 el apoyo de senadores y de la jefa de Gobierno de la CDMX, Claudia Sheinbaum.<\/p><\/div>\n<p>&nbsp;<\/p>\n<p>El candidato de al gobierno de Tamaulipas, de la coalici\u00f3n Juntos Haremos Historia, Am\u00e9rico Villarreal Anaya, recibi\u00f3 en un lapso de dos d\u00edas, dos apoyos importantes: el domingo 22 de mayo, la jefa de Gobierno de la Ciudad de M\u00e9xico, Claudia Sheinbaum, pieza clave en la pr\u00f3xima sucesi\u00f3n presidencial, lo acompa\u00f1\u00f3 en sus eventos de campa\u00f1a, destacando el evento de clausura de los foros \u201cVoces de esperanza de las y los tamaulipecos\u201d, donde el candidato expuso sus propuestas de gobierno.<\/p>\n<p>En su participaci\u00f3n, Sheinbaum dijo que Am\u00e9rico Villarreal tiene todo su apoyo y de la mano del presidente L\u00f3pez Obrador va a transformar Tamaulipas. \u201cEstamos aqu\u00ed para fortalecerlo, que no requiere mucho porque va 26 puntos arriba en las encuestas\u00bb, apunt\u00f3.<\/p>\n<p>Esta visita le signific\u00f3 un respiro en un momento \u00e1lgido de su campa\u00f1a, en que el gobernador panista Francisco Garc\u00eda Cabeza de Vaca y el candidato del PAN-PRI-PRD, C\u00e9sar Ver\u00e1stegui Ostos, \u201cEl Truko\u201d, incrementaron los ataques y guerra sucia en contra suya y de sus allegados.<\/p>\n<p>El lunes 23 de mayo, Am\u00e9rico Villarreal se present\u00f3 en el Senado de la Rep\u00fablica, donde los senadores de las bancadas de Morena, PT y PVEM cerraron filas en torno a su candidatura y descalificaron la guerra sucia de que es objeto por parte de sus opositores. En su oportunidad, el candidato de la coalici\u00f3n Juntos Hacemos Historia, \u201cacus\u00f3 al gobernador de Tamaulipas y al candidato C\u00e9sar Ver\u00e1stegui de incurrir en excesos fuera de la Ley en contra suya, de su familia y de sus amigos\u201d.<\/p>\n<p>El coordinador de los senadores de Morena, Ricardo Monreal, apunt\u00f3 que no lo dejar\u00e1n s\u00f3lo y exigi\u00f3 al gobernador de Tamaulipas no intervenir en el proceso electoral<\/p>\n<p>A todo esto, hay que puntualizar el nulo efecto que la guerra sucia tiene en las encuestas, ya que la gran mayor\u00eda de ellas muestran una clara ventaja de Am\u00e9rico Villarreal sobre C\u00e9sar Ver\u00e1stegui por un margen superior a los 12 puntos.<\/p>\n","protected":false},"excerpt":{"rendered":"<p>El candidato de al gobierno de Tamaulipas, de la coalici\u00f3n Juntos Haremos Historia, Am\u00e9rico Villarreal Anaya, recibi\u00f3 en un lapso de dos d\u00edas, dos apoyos importantes: el domingo 22 de mayo, la jefa de Gobierno de la Ciudad de M\u00e9xico, Claudia Sheinbaum, pieza clave en la pr\u00f3xima sucesi\u00f3n presidencial, lo acompa\u00f1\u00f3 en sus eventos de campa\u00f1a, destacando el evento de clausura de los foros \u201cVoces de esperanza de las y los tamaulipecos\u201d, donde el candidato expuso sus propuestas de gobierno.<\/p>\n","protected":false},"author":3,"featured_media":547833,"comment_status":"open","ping_status":"open","sticky":false,"template":"","format":"standard","meta":{"_monsterinsights_skip_tracking":false,"_monsterinsights_sitenote_active":false,"_monsterinsights_sitenote_note":"","_monsterinsights_sitenote_category":0,"footnotes":""},"categories":[3],"tags":[95554,20663,43673,366,1416],"class_list":["post-547726","post","type-post","status-publish","format-standard","has-post-thumbnail","hentry","category-nacional","tag-americo-villarreal","tag-morena","tag-nacional","tag-pt","tag-pvem"],"_links":{"self":[{"href":"https:\/\/www.diarioimagen.net\/index.php?rest_route=\/wp\/v2\/posts\/547726","targetHints":{"allow":["GET"]}}],"collection":[{"href":"https:\/\/www.diarioimagen.net\/index.php?rest_route=\/wp\/v2\/posts"}],"about":[{"href":"https:\/\/www.diarioimagen.net\/index.php?rest_route=\/wp\/v2\/types\/post"}],"author":[{"embeddable":true,"href":"https:\/\/www.diarioimagen.net\/index.php?rest_route=\/wp\/v2\/users\/3"}],"replies":[{"embeddable":true,"href":"https:\/\/www.diarioimagen.net\/index.php?rest_route=%2Fwp%2Fv2%2Fcomments&post=547726"}],"version-history":[{"count":0,"href":"https:\/\/www.diarioimagen.net\/index.php?rest_route=\/wp\/v2\/posts\/547726\/revisions"}],"wp:featuredmedia":[{"embeddable":true,"href":"https:\/\/www.diarioimagen.net\/index.php?rest_route=\/wp\/v2\/media\/547833"}],"wp:attachment":[{"href":"https:\/\/www.diarioimagen.net\/index.php?rest_route=%2Fwp%2Fv2%2Fmedia&parent=547726"}],"wp:term":[{"taxonomy":"category","embeddable":true,"href":"https:\/\/www.diarioimagen.net\/index.php?rest_route=%2Fwp%2Fv2%2Fcategories&post=547726"},{"taxonomy":"post_tag","embeddable":true,"href":"https:\/\/www.diarioimagen.net\/index.php?rest_route=%2Fwp%2Fv2%2Ftags&post=547726"}],"curies":[{"name":"wp","href":"https:\/\/api.w.org\/{rel}","templated":true}]}}