{"id":547751,"date":"2022-05-26T00:02:43","date_gmt":"2022-05-26T05:02:43","guid":{"rendered":"https:\/\/www.diarioimagen.net\/?p=547751"},"modified":"2022-05-26T05:57:21","modified_gmt":"2022-05-26T10:57:21","slug":"alianza-de-movimiento-ciudadano-solo-con-la-ciudadania-regidor-favio-calderon","status":"publish","type":"post","link":"https:\/\/www.diarioimagen.net\/?p=547751","title":{"rendered":"Alianza de Movimiento Ciudadano s\u00f3lo con la ciudadan\u00eda: regidor Favio Calder\u00f3n"},"content":{"rendered":"<p>&nbsp;<\/p>\n<ul>\n<li><strong><em>Rumbo al proceso electoral de 2023<\/em><\/strong><\/li>\n<\/ul>\n<p>&nbsp;<\/p>\n<h6>Arturo Baena<\/h6>\n<p>&nbsp;<\/p>\n<div id=\"attachment_547875\" style=\"width: 470px\" class=\"wp-caption aligncenter\"><a href=\"https:\/\/www.diarioimagen.net\/?attachment_id=547875\" rel=\"attachment wp-att-547875\"><img loading=\"lazy\" decoding=\"async\" aria-describedby=\"caption-attachment-547875\" class=\"size-full wp-image-547875\" src=\"https:\/\/www.diarioimagen.net\/wp-content\/uploads\/2022\/05\/naucalpan-16.jpg\" alt=\"\" width=\"460\" height=\"270\" \/><\/a><p id=\"caption-attachment-547875\" class=\"wp-caption-text\">El regidor Favio Calder\u00f3n B\u00e1rcenas, del partido Movimiento Ciudadano, confirm\u00f3 que ese instituto pol\u00edtico ir\u00e1 s\u00f3lo a los procesos electorales de 2023.<\/p><\/div>\n<p>&nbsp;<\/p>\n<p><strong>Naucalpan, Estado de M\u00e9xico.\u2014<\/strong> Favio Calder\u00f3n B\u00e1rcenas, regidor del partido Movimiento Ciudadano (MC), confirm\u00f3 que ese instituto pol\u00edtico ir\u00e1 s\u00f3lo a los procesos electorales de 2023.<\/p>\n<p>El representante popular record\u00f3 que durante la m\u00e1s reciente sesi\u00f3n de la Coordinadora Ciudadana Estatal, se dej\u00f3 en claro que \u201c la \u00fanica alianza es con la ciudadan\u00eda mexiquense y con nadie m\u00e1s\u201d.<\/p>\n<p>Calder\u00f3n B\u00e1rcenas, reiter\u00f3 que \u201cno se est\u00e1 construyendo un proyecto porque ya hay uno ganador desde el momento en que se puso los intereses de la ciudadan\u00eda por encima de los personales, las alianzas perversas o acuerdos pol\u00edticos que han sumido al pa\u00eds en una crisis de inseguridad, salud, desarrollo social, econ\u00f3mico y educaci\u00f3n\u201d.<\/p>\n<p>En este contexto, consider\u00f3 que son estas uniones de diferentes partidos los que negocian de manera perversa para lanzar a \u201cpersonajes ligados a un sistema que tanto criticaban\u201d, refiri\u00e9ndose de manera muy particular a Morena.<\/p>\n<p>El regidor de Movimiento Ciudadano, agreg\u00f3 que se trata de pol\u00edticos que hicieron suyas las peores pr\u00e1cticas del pasado y terminaron ejerciendo la misma corrupci\u00f3n de mandatarios pasados replicando las casas lujosas, entre otros esc\u00e1ndalos.<\/p>\n<p>Finalmente, Favio Calder\u00f3n dijo que \u201cest\u00e1 demostrado que el pueblo cada vez est\u00e1 m\u00e1s pobre y los hijos del Presidente cada vez m\u00e1s ricos\u201d.<\/p>\n","protected":false},"excerpt":{"rendered":"<p>Favio Calder\u00f3n B\u00e1rcenas, regidor del partido Movimiento Ciudadano (MC), confirm\u00f3 que ese instituto pol\u00edtico ir\u00e1 s\u00f3lo a los procesos electorales de 2023.<\/p>\n","protected":false},"author":3,"featured_media":547875,"comment_status":"open","ping_status":"open","sticky":false,"template":"","format":"standard","meta":{"_monsterinsights_skip_tracking":false,"_monsterinsights_sitenote_active":false,"_monsterinsights_sitenote_note":"","_monsterinsights_sitenote_category":0,"footnotes":""},"categories":[5],"tags":[43675,95561,21564,970],"class_list":["post-547751","post","type-post","status-publish","format-standard","has-post-thumbnail","hentry","category-estado-de-mexico","tag-estado-de-mexico","tag-favio-calderon-barcenas","tag-mc","tag-naucalpan"],"_links":{"self":[{"href":"https:\/\/www.diarioimagen.net\/index.php?rest_route=\/wp\/v2\/posts\/547751","targetHints":{"allow":["GET"]}}],"collection":[{"href":"https:\/\/www.diarioimagen.net\/index.php?rest_route=\/wp\/v2\/posts"}],"about":[{"href":"https:\/\/www.diarioimagen.net\/index.php?rest_route=\/wp\/v2\/types\/post"}],"author":[{"embeddable":true,"href":"https:\/\/www.diarioimagen.net\/index.php?rest_route=\/wp\/v2\/users\/3"}],"replies":[{"embeddable":true,"href":"https:\/\/www.diarioimagen.net\/index.php?rest_route=%2Fwp%2Fv2%2Fcomments&post=547751"}],"version-history":[{"count":0,"href":"https:\/\/www.diarioimagen.net\/index.php?rest_route=\/wp\/v2\/posts\/547751\/revisions"}],"wp:featuredmedia":[{"embeddable":true,"href":"https:\/\/www.diarioimagen.net\/index.php?rest_route=\/wp\/v2\/media\/547875"}],"wp:attachment":[{"href":"https:\/\/www.diarioimagen.net\/index.php?rest_route=%2Fwp%2Fv2%2Fmedia&parent=547751"}],"wp:term":[{"taxonomy":"category","embeddable":true,"href":"https:\/\/www.diarioimagen.net\/index.php?rest_route=%2Fwp%2Fv2%2Fcategories&post=547751"},{"taxonomy":"post_tag","embeddable":true,"href":"https:\/\/www.diarioimagen.net\/index.php?rest_route=%2Fwp%2Fv2%2Ftags&post=547751"}],"curies":[{"name":"wp","href":"https:\/\/api.w.org\/{rel}","templated":true}]}}