{"id":547754,"date":"2022-05-26T00:01:57","date_gmt":"2022-05-26T05:01:57","guid":{"rendered":"https:\/\/www.diarioimagen.net\/?p=547754"},"modified":"2022-05-26T05:53:25","modified_gmt":"2022-05-26T10:53:25","slug":"instructores-del-instituto-de-la-juventud-en-cuautitlan-izcalli-exigen-renuncia-del-director","status":"publish","type":"post","link":"https:\/\/www.diarioimagen.net\/?p=547754","title":{"rendered":"Instructores del Instituto de la Juventud en Cuautitl\u00e1n Izcalli exigen renuncia del director"},"content":{"rendered":"<p>&nbsp;<\/p>\n<ul>\n<li><strong><em>Contradice proyectos de la alcaldesa Karla Fiesco<\/em><\/strong><\/li>\n<\/ul>\n<p>&nbsp;<\/p>\n<h6>Arturo Baena<\/h6>\n<p>&nbsp;<\/p>\n<div id=\"attachment_547868\" style=\"width: 470px\" class=\"wp-caption aligncenter\"><a href=\"https:\/\/www.diarioimagen.net\/?attachment_id=547868\" rel=\"attachment wp-att-547868\"><img loading=\"lazy\" decoding=\"async\" aria-describedby=\"caption-attachment-547868\" class=\"size-full wp-image-547868\" src=\"https:\/\/www.diarioimagen.net\/wp-content\/uploads\/2022\/05\/cuautitlan-5.jpg\" alt=\"\" width=\"460\" height=\"270\" \/><\/a><p id=\"caption-attachment-547868\" class=\"wp-caption-text\">Denuncian el desempe\u00f1o de Luis Felipe Huitr\u00f3n, director del Instituto Municipal de la Juventud Cuautitl\u00e1n Izcalli.<\/p><\/div>\n<p>&nbsp;<\/p>\n<p><strong>Cuautitl\u00e1n Izcalli, Estado de M\u00e9xico.\u2014<\/strong> Profesoras que imparten diversas clases en el del Instituto Municipal de la Juventud Cuautitl\u00e1n Izcalli (IMJUCI) exigen la inmediata salida del director Luis Felipe Huitr\u00f3n por considerar que lejos de apoyar, contradice los proyectos del gobierno presidido por la maestra Karla Fiesco.<\/p>\n<p>Lo anterior se desprende de un oficio que las y los profesores inconformes dirigieron a la presidenta municipal en el que informan de la serie de irregularidades en que est\u00e1 cayendo Luis Felipe Huitr\u00f3n, que aparte de tratarlos con la punta del pie, les est\u00e1 exigiendo dinero para poder utilizar las instalaciones del IMJUCI.<\/p>\n<p>\u201cAdem\u00e1s nos humilla, dici\u00e9ndonos que nuestro trabajo no es redituable para el ayuntamiento; por lo que ahora nos est\u00e1 exigiendo pagar cierta cantidad para que podamos seguir cumpliendo nuestra labor\u201d, enfatizaron.<\/p>\n<p>Ante esta situaci\u00f3n, los maestros afectados piden a la alcaldesa Karla Fiesco que, como presidenta del consejo del IMJUCI, ponga un alto al nefasto actuar de Luis Felipe Huitr\u00f3n, d\u00e1ndolo de baja de su equipo; \u201cporque si contin\u00faa est\u00e1 situaci\u00f3n, iniciaremos una serie de movilizaciones.<\/p>\n","protected":false},"excerpt":{"rendered":"<p>Profesoras que imparten diversas clases en el del Instituto Municipal de la Juventud Cuautitl\u00e1n Izcalli (IMJUCI) exigen la inmediata salida del director Luis Felipe Huitr\u00f3n por considerar que lejos de apoyar, contradice los proyectos del gobierno presidido por la maestra Karla Fiesco.<\/p>\n","protected":false},"author":3,"featured_media":547868,"comment_status":"open","ping_status":"open","sticky":false,"template":"","format":"standard","meta":{"_monsterinsights_skip_tracking":false,"_monsterinsights_sitenote_active":false,"_monsterinsights_sitenote_note":"","_monsterinsights_sitenote_category":0,"footnotes":""},"categories":[5],"tags":[971,43675,95562,13463],"class_list":["post-547754","post","type-post","status-publish","format-standard","has-post-thumbnail","hentry","category-estado-de-mexico","tag-cuautitlan-izcalli","tag-estado-de-mexico","tag-instituto-de-la-juventud","tag-renuncia"],"_links":{"self":[{"href":"https:\/\/www.diarioimagen.net\/index.php?rest_route=\/wp\/v2\/posts\/547754","targetHints":{"allow":["GET"]}}],"collection":[{"href":"https:\/\/www.diarioimagen.net\/index.php?rest_route=\/wp\/v2\/posts"}],"about":[{"href":"https:\/\/www.diarioimagen.net\/index.php?rest_route=\/wp\/v2\/types\/post"}],"author":[{"embeddable":true,"href":"https:\/\/www.diarioimagen.net\/index.php?rest_route=\/wp\/v2\/users\/3"}],"replies":[{"embeddable":true,"href":"https:\/\/www.diarioimagen.net\/index.php?rest_route=%2Fwp%2Fv2%2Fcomments&post=547754"}],"version-history":[{"count":0,"href":"https:\/\/www.diarioimagen.net\/index.php?rest_route=\/wp\/v2\/posts\/547754\/revisions"}],"wp:featuredmedia":[{"embeddable":true,"href":"https:\/\/www.diarioimagen.net\/index.php?rest_route=\/wp\/v2\/media\/547868"}],"wp:attachment":[{"href":"https:\/\/www.diarioimagen.net\/index.php?rest_route=%2Fwp%2Fv2%2Fmedia&parent=547754"}],"wp:term":[{"taxonomy":"category","embeddable":true,"href":"https:\/\/www.diarioimagen.net\/index.php?rest_route=%2Fwp%2Fv2%2Fcategories&post=547754"},{"taxonomy":"post_tag","embeddable":true,"href":"https:\/\/www.diarioimagen.net\/index.php?rest_route=%2Fwp%2Fv2%2Ftags&post=547754"}],"curies":[{"name":"wp","href":"https:\/\/api.w.org\/{rel}","templated":true}]}}