{"id":547758,"date":"2022-05-26T00:04:25","date_gmt":"2022-05-26T05:04:25","guid":{"rendered":"https:\/\/www.diarioimagen.net\/?p=547758"},"modified":"2022-05-26T05:56:21","modified_gmt":"2022-05-26T10:56:21","slug":"entregan-30-patrullas-de-la-policia-intermunicipal","status":"publish","type":"post","link":"https:\/\/www.diarioimagen.net\/?p=547758","title":{"rendered":"Entregan 30 patrullas de\u00a0la Polic\u00eda Intermunicipal\u00a0"},"content":{"rendered":"<p>&nbsp;<\/p>\n<div id=\"attachment_547871\" style=\"width: 470px\" class=\"wp-caption aligncenter\"><a href=\"https:\/\/www.diarioimagen.net\/?attachment_id=547871\" rel=\"attachment wp-att-547871\"><img loading=\"lazy\" decoding=\"async\" aria-describedby=\"caption-attachment-547871\" class=\"size-full wp-image-547871\" src=\"https:\/\/www.diarioimagen.net\/wp-content\/uploads\/2022\/05\/valle-7.jpg\" alt=\"\" width=\"460\" height=\"270\" \/><\/a><p id=\"caption-attachment-547871\" class=\"wp-caption-text\">Denuncian el desempe\u00f1o de Luis Felipe Huitr\u00f3n, director del Instituto Municipal de la Juventud Cuautitl\u00e1n Izcalli.<\/p><\/div>\n<p>&nbsp;<\/p>\n<p><strong>Valle de M\u00e9xico.\u2014 <\/strong>Los presidentes municipales de Atizap\u00e1n de Zaragoza, Nicol\u00e1s Romero, Tlalnepantla y Cuautitl\u00e1n Izcalli, y el Secretario General de Gobierno mexiquense, Ernesto Nemer, participaron en la Segunda Sesi\u00f3n de Consejo de Polic\u00eda Intermunicipal.<\/p>\n<p>Esta reuni\u00f3n se realiz\u00f3 en la Unidad Cultural y Deportiva Azquil, en Nicol\u00e1s Romero, y tuvo como objetivo presentar 30 patrullas que conformar\u00e1n esta corporaci\u00f3n, adem\u00e1s de dar seguimiento a las acciones de seguridad en esos cuatro municipios para disminuir los \u00edndices delictivos en esa regi\u00f3n del Estado de M\u00e9xico.<\/p>\n","protected":false},"excerpt":{"rendered":"<p>Los presidentes municipales de Atizap\u00e1n de Zaragoza, Nicol\u00e1s Romero, Tlalnepantla y Cuautitl\u00e1n Izcalli, y el Secretario General de Gobierno mexiquense, Ernesto Nemer, participaron en la Segunda Sesi\u00f3n de Consejo de Polic\u00eda Intermunicipal.<\/p>\n","protected":false},"author":3,"featured_media":547871,"comment_status":"open","ping_status":"open","sticky":false,"template":"","format":"standard","meta":{"_monsterinsights_skip_tracking":false,"_monsterinsights_sitenote_active":false,"_monsterinsights_sitenote_note":"","_monsterinsights_sitenote_category":0,"footnotes":""},"categories":[5],"tags":[94213,34],"class_list":["post-547758","post","type-post","status-publish","format-standard","has-post-thumbnail","hentry","category-estado-de-mexico","tag-policia-intermunicipal","tag-valle-de-mexico"],"_links":{"self":[{"href":"https:\/\/www.diarioimagen.net\/index.php?rest_route=\/wp\/v2\/posts\/547758","targetHints":{"allow":["GET"]}}],"collection":[{"href":"https:\/\/www.diarioimagen.net\/index.php?rest_route=\/wp\/v2\/posts"}],"about":[{"href":"https:\/\/www.diarioimagen.net\/index.php?rest_route=\/wp\/v2\/types\/post"}],"author":[{"embeddable":true,"href":"https:\/\/www.diarioimagen.net\/index.php?rest_route=\/wp\/v2\/users\/3"}],"replies":[{"embeddable":true,"href":"https:\/\/www.diarioimagen.net\/index.php?rest_route=%2Fwp%2Fv2%2Fcomments&post=547758"}],"version-history":[{"count":0,"href":"https:\/\/www.diarioimagen.net\/index.php?rest_route=\/wp\/v2\/posts\/547758\/revisions"}],"wp:featuredmedia":[{"embeddable":true,"href":"https:\/\/www.diarioimagen.net\/index.php?rest_route=\/wp\/v2\/media\/547871"}],"wp:attachment":[{"href":"https:\/\/www.diarioimagen.net\/index.php?rest_route=%2Fwp%2Fv2%2Fmedia&parent=547758"}],"wp:term":[{"taxonomy":"category","embeddable":true,"href":"https:\/\/www.diarioimagen.net\/index.php?rest_route=%2Fwp%2Fv2%2Fcategories&post=547758"},{"taxonomy":"post_tag","embeddable":true,"href":"https:\/\/www.diarioimagen.net\/index.php?rest_route=%2Fwp%2Fv2%2Ftags&post=547758"}],"curies":[{"name":"wp","href":"https:\/\/api.w.org\/{rel}","templated":true}]}}