{"id":547941,"date":"2022-05-27T00:03:39","date_gmt":"2022-05-27T05:03:39","guid":{"rendered":"https:\/\/www.diarioimagen.net\/?p=547941"},"modified":"2022-05-27T07:36:29","modified_gmt":"2022-05-27T12:36:29","slug":"alistan-proyecto-de-regeneracion-urbana-avenida-primero-de-mayo-en-naucalpan","status":"publish","type":"post","link":"https:\/\/www.diarioimagen.net\/?p=547941","title":{"rendered":"Alistan Proyecto de Regeneraci\u00f3n Urbana Avenida Primero de Mayo, en Naucalpan"},"content":{"rendered":"<p>&nbsp;<\/p>\n<ul>\n<li><strong><em>Participan gobiernos local y estatal<\/em><\/strong><\/li>\n<\/ul>\n<p>&nbsp;<\/p>\n<div id=\"attachment_548043\" style=\"width: 470px\" class=\"wp-caption aligncenter\"><img loading=\"lazy\" decoding=\"async\" aria-describedby=\"caption-attachment-548043\" class=\"size-full wp-image-548043\" src=\"https:\/\/www.diarioimagen.net\/wp-content\/uploads\/2022\/05\/naucalpan-17.jpg\" alt=\"\" width=\"460\" height=\"270\" \/><p id=\"caption-attachment-548043\" class=\"wp-caption-text\">La alcaldesa Ang\u00e9lica Moya Mar\u00edn se congratul\u00f3 porque el proyecto prospere con un consenso generalizado de los diversos actores involucrados.<\/p><\/div>\n<p>&nbsp;<\/p>\n<p><strong>Naucalpan, Estado de M\u00e9xico.\u2014<\/strong>\u00a0 El gobierno de esta localidad se har\u00e1 cargo de dar vialidad y mantenimiento y ordenamiento del comercio informal y del transporte p\u00fablico, mejora de la imagen urbana y puentes peatonales, repavimentaci\u00f3n, creaci\u00f3n de bah\u00edas para peatones, equipamiento en bajo puentes, son algunos de los temas que se abordaron en la segunda reuni\u00f3n de trabajo entre autoridades estatales y municipales sobre el \u2018Proyecto de Regeneraci\u00f3n Urbana Avenida Primero de Mayo\u2019.<\/p>\n<p>Durante el encuentro, en el que tambi\u00e9n participaron diputados locales, la alcaldesa Ang\u00e9lica Moya Mar\u00edn destac\u00f3 la importancia del proyecto por generar mayor seguridad, movilidad, conectividad, recuperaci\u00f3n de espacios urbanos, inversi\u00f3n, entre otros factores positivos que beneficiar\u00e1n a los naucalpenses y tendr\u00e1 un impacto positivo en la zona industrial.<\/p>\n<p>Moya Mar\u00edn se congratul\u00f3 porque el proyecto prospere con un consenso generalizado de los diversos actores involucrados, como comerciantes y transportistas, adem\u00e1s de afirmar que el gobierno municipal asume el compromiso de brindar mantenimiento y vialidad en el lugar.<\/p>\n<p>Por su parte, el proyectista de la empresa Taller de Urbanismo MX (TUMX), Erik Jim\u00e9nez, detall\u00f3 que se ha avanzado en el diagn\u00f3stico de las problem\u00e1ticas en la avenida Primero de Mayo -enfocadas principalmente al colapso vial e inseguridad para el peat\u00f3n- y las estrategias que se llevar\u00e1n a cabo.<\/p>\n<p>Otras de las metas que se pretenden alcanzar son reglamentaci\u00f3n del transporte, creaci\u00f3n de banquetas y \u00e1reas verdes, instalaci\u00f3n de paradas de ascenso y descenso, infraestructura en bajo puentes para la renta de establecimientos comerciales, instalaci\u00f3n de oficinas recaudadoras y m\u00f3dulo de seguridad.<\/p>\n<p>En la reuni\u00f3n estuvieron presentes, del gobierno estatal: Mauricio V\u00e1zquez Gonz\u00e1lez, director general de la Junta de Caminos (JCEM); Alejandro Montes de Oca Acevedo, director de la Zona II de la Secretar\u00eda de Movilidad; y Luis Antonio Posada Flores, director general de Vialidad.<\/p>\n<p>Adem\u00e1s, estuvieron presentes, Fredy Haber, representante de la Asociaci\u00f3n Industrial Primero de Mayo, y los diputados Isaac Montoya M\u00e1rquez, Enrique Jacob Rocha, Martha Moya Bast\u00f3n y David Parra S\u00e1nchez.<\/p>\n","protected":false},"excerpt":{"rendered":"<p>El gobierno de esta localidad se har\u00e1 cargo de dar vialidad y mantenimiento y ordenamiento del comercio informal y del transporte p\u00fablico, mejora de la imagen urbana y puentes peatonales, repavimentaci\u00f3n, creaci\u00f3n de bah\u00edas para peatones, equipamiento en bajo puentes, son algunos de los temas que se abordaron en la segunda reuni\u00f3n de trabajo entre autoridades estatales y municipales sobre el \u2018Proyecto de Regeneraci\u00f3n Urbana Avenida Primero de Mayo\u2019.<\/p>\n","protected":false},"author":3,"featured_media":548043,"comment_status":"open","ping_status":"open","sticky":false,"template":"","format":"standard","meta":{"_monsterinsights_skip_tracking":false,"_monsterinsights_sitenote_active":false,"_monsterinsights_sitenote_note":"","_monsterinsights_sitenote_category":0,"footnotes":""},"categories":[5],"tags":[95576,43675,970,26045],"class_list":["post-547941","post","type-post","status-publish","format-standard","has-post-thumbnail","hentry","category-estado-de-mexico","tag-avenida-primero-de-mayo","tag-estado-de-mexico","tag-naucalpan","tag-repavimentacion"],"_links":{"self":[{"href":"https:\/\/www.diarioimagen.net\/index.php?rest_route=\/wp\/v2\/posts\/547941","targetHints":{"allow":["GET"]}}],"collection":[{"href":"https:\/\/www.diarioimagen.net\/index.php?rest_route=\/wp\/v2\/posts"}],"about":[{"href":"https:\/\/www.diarioimagen.net\/index.php?rest_route=\/wp\/v2\/types\/post"}],"author":[{"embeddable":true,"href":"https:\/\/www.diarioimagen.net\/index.php?rest_route=\/wp\/v2\/users\/3"}],"replies":[{"embeddable":true,"href":"https:\/\/www.diarioimagen.net\/index.php?rest_route=%2Fwp%2Fv2%2Fcomments&post=547941"}],"version-history":[{"count":0,"href":"https:\/\/www.diarioimagen.net\/index.php?rest_route=\/wp\/v2\/posts\/547941\/revisions"}],"wp:featuredmedia":[{"embeddable":true,"href":"https:\/\/www.diarioimagen.net\/index.php?rest_route=\/wp\/v2\/media\/548043"}],"wp:attachment":[{"href":"https:\/\/www.diarioimagen.net\/index.php?rest_route=%2Fwp%2Fv2%2Fmedia&parent=547941"}],"wp:term":[{"taxonomy":"category","embeddable":true,"href":"https:\/\/www.diarioimagen.net\/index.php?rest_route=%2Fwp%2Fv2%2Fcategories&post=547941"},{"taxonomy":"post_tag","embeddable":true,"href":"https:\/\/www.diarioimagen.net\/index.php?rest_route=%2Fwp%2Fv2%2Ftags&post=547941"}],"curies":[{"name":"wp","href":"https:\/\/api.w.org\/{rel}","templated":true}]}}