{"id":547942,"date":"2022-05-27T00:02:01","date_gmt":"2022-05-27T05:02:01","guid":{"rendered":"https:\/\/www.diarioimagen.net\/?p=547942"},"modified":"2022-05-27T07:37:47","modified_gmt":"2022-05-27T12:37:47","slug":"firman-coparmex-y-gobierno-de-atizapan-convenio-para-impulsar-puestos-de-trabajo","status":"publish","type":"post","link":"https:\/\/www.diarioimagen.net\/?p=547942","title":{"rendered":"Firman Coparmex y gobierno de Atizap\u00e1n convenio para impulsar puestos de trabajo"},"content":{"rendered":"<p>&nbsp;<\/p>\n<ul>\n<li><strong><em>Fomentan apertura de nuevos negocios<\/em><\/strong><\/li>\n<\/ul>\n<p>&nbsp;<\/p>\n<div id=\"attachment_548045\" style=\"width: 470px\" class=\"wp-caption aligncenter\"><img loading=\"lazy\" decoding=\"async\" aria-describedby=\"caption-attachment-548045\" class=\"size-full wp-image-548045\" src=\"https:\/\/www.diarioimagen.net\/wp-content\/uploads\/2022\/05\/atizapan-3.jpg\" alt=\"\" width=\"460\" height=\"270\" \/><p id=\"caption-attachment-548045\" class=\"wp-caption-text\">El alcalde de Atizap\u00e1n, Pedro Rodr\u00edguez Villegas, firm\u00f3 un convenio de colaboraci\u00f3n con la Coparmex para impulsar la creacci\u00f3n de empleos.<\/p><\/div>\n<p>&nbsp;<\/p>\n<p><strong>Atizapan de Zaragoza, Estado de M\u00e9xico.\u2014<\/strong> El gobierno de esta localidad y el Centro Empresarial Coparmex Metropolitano del Estado de M\u00e9xico firmaron un convenio de colaboraci\u00f3n con la finalidad de trabajar de manera conjunta para afianzar e impulsar el crecimiento de las empresas y generar mayores fuentes de empleo.<\/p>\n<p>El presidente municipal, Pedro Rodr\u00edguez Villegas, extern\u00f3 a los empresarios que todas las \u00e1reas de la administraci\u00f3n est\u00e1n enfocadas en acercar los servicios a las personas, entre ellas, crear las condiciones necesarias para abrir la apertura de nuevos negocios de una forma transparente y cercana.<\/p>\n<p>\u201cEstar\u00e9 atento, apoyando, en dar las facilidades necesarias para que la gente venga a invertir a nuestro municipio, necesitamos seguir generando empleos en Atizap\u00e1n, que vean que vamos avanzando en el tema de seguridad y en muchos aspectos\u201d, destac\u00f3 Rodr\u00edguez Villegas.<\/p>\n<p>El alcalde expres\u00f3 que la visi\u00f3n empresarial es de suma importancia en los gobiernos y que se constituye en una columna vertebral en el desarrollo general de una localidad, y por ello, su administraci\u00f3n se ha enfocado en intervenir en materia de seguridad, con mayores unidades de polic\u00eda, modernizaci\u00f3n del C-4 y colocaci\u00f3n de nuevas c\u00e1maras de videovigila.<\/p>\n<p>Les dijo que su gobierno proyecta una inversi\u00f3n de 800 millones de pesos en infraestructura, adem\u00e1s de oportunidades de empleos en un proyecto ecotur\u00edstico en los alrededores de la Presa Mad\u00edn y la recuperaci\u00f3n del Parque de los Ciervos con ciclov\u00eda, trotapistas, entre otros proyectos.<\/p>\n","protected":false},"excerpt":{"rendered":"<p>El gobierno de esta localidad y el Centro Empresarial Coparmex Metropolitano del Estado de M\u00e9xico firmaron un convenio de colaboraci\u00f3n con la finalidad de trabajar de manera conjunta para afianzar e impulsar el crecimiento de las empresas y generar mayores fuentes de empleo.<\/p>\n","protected":false},"author":3,"featured_media":548045,"comment_status":"open","ping_status":"open","sticky":false,"template":"","format":"standard","meta":{"_monsterinsights_skip_tracking":false,"_monsterinsights_sitenote_active":false,"_monsterinsights_sitenote_note":"","_monsterinsights_sitenote_category":0,"footnotes":""},"categories":[5],"tags":[3561,43675,70217,94541,8961],"class_list":["post-547942","post","type-post","status-publish","format-standard","has-post-thumbnail","hentry","category-estado-de-mexico","tag-atizapan-de-zaragoza","tag-estado-de-mexico","tag-impulsar","tag-puestos","tag-trabajo"],"_links":{"self":[{"href":"https:\/\/www.diarioimagen.net\/index.php?rest_route=\/wp\/v2\/posts\/547942","targetHints":{"allow":["GET"]}}],"collection":[{"href":"https:\/\/www.diarioimagen.net\/index.php?rest_route=\/wp\/v2\/posts"}],"about":[{"href":"https:\/\/www.diarioimagen.net\/index.php?rest_route=\/wp\/v2\/types\/post"}],"author":[{"embeddable":true,"href":"https:\/\/www.diarioimagen.net\/index.php?rest_route=\/wp\/v2\/users\/3"}],"replies":[{"embeddable":true,"href":"https:\/\/www.diarioimagen.net\/index.php?rest_route=%2Fwp%2Fv2%2Fcomments&post=547942"}],"version-history":[{"count":0,"href":"https:\/\/www.diarioimagen.net\/index.php?rest_route=\/wp\/v2\/posts\/547942\/revisions"}],"wp:featuredmedia":[{"embeddable":true,"href":"https:\/\/www.diarioimagen.net\/index.php?rest_route=\/wp\/v2\/media\/548045"}],"wp:attachment":[{"href":"https:\/\/www.diarioimagen.net\/index.php?rest_route=%2Fwp%2Fv2%2Fmedia&parent=547942"}],"wp:term":[{"taxonomy":"category","embeddable":true,"href":"https:\/\/www.diarioimagen.net\/index.php?rest_route=%2Fwp%2Fv2%2Fcategories&post=547942"},{"taxonomy":"post_tag","embeddable":true,"href":"https:\/\/www.diarioimagen.net\/index.php?rest_route=%2Fwp%2Fv2%2Ftags&post=547942"}],"curies":[{"name":"wp","href":"https:\/\/api.w.org\/{rel}","templated":true}]}}