{"id":547944,"date":"2022-05-27T00:04:15","date_gmt":"2022-05-27T05:04:15","guid":{"rendered":"https:\/\/www.diarioimagen.net\/?p=547944"},"modified":"2022-05-27T07:40:35","modified_gmt":"2022-05-27T12:40:35","slug":"mas-seguridad-para-los-vecinos-del-fraccionamiento-los-miras-en-cuautitlan-izcalli","status":"publish","type":"post","link":"https:\/\/www.diarioimagen.net\/?p=547944","title":{"rendered":"M\u00e1s seguridad para los vecinos del fraccionamiento Los Miras, en Cuautitl\u00e1n Izcalli"},"content":{"rendered":"<p>&nbsp;<\/p>\n<p><img loading=\"lazy\" decoding=\"async\" class=\"size-full wp-image-548050 aligncenter\" src=\"https:\/\/www.diarioimagen.net\/wp-content\/uploads\/2022\/05\/cuautitlan-6.jpg\" alt=\"\" width=\"460\" height=\"270\" \/><\/p>\n<p>&nbsp;<\/p>\n<p><strong>Cuautitl\u00e1n Izcalli, Estado de M\u00e9xico.\u2014<\/strong> Con trabajos de poda y clareo en espacios p\u00fablicos, cambio de luminarias, bacheo, desazolve y operativos a cargo de elementos de Seguridad P\u00fablica, Guardia Nacional y la Secretar\u00eda de la Defensa Nacional (SEDENA), el gobierno municipal que encabeza la presidenta Karla Fiesco Garc\u00eda, realiza la \u201cJornada de Acciones con M\u00e1s Seguridad\u201d en el fraccionamiento Los Miras.<\/p>\n<p>La alcaldesa destac\u00f3 la participaci\u00f3n de los vecinos en las acciones que se realizan al interior del fraccionamiento \u201cson testimonio de que tomando acuerdos precisos se mejora la comunidad\u201d, dijo.<\/p>\n","protected":false},"excerpt":{"rendered":"<p>Con trabajos de poda y clareo en espacios p\u00fablicos, cambio de luminarias, bacheo, desazolve y operativos a cargo de elementos de Seguridad P\u00fablica, Guardia Nacional y la Secretar\u00eda de la Defensa Nacional (SEDENA), el gobierno municipal que encabeza la presidenta Karla Fiesco Garc\u00eda, realiza la \u201cJornada de Acciones con M\u00e1s Seguridad\u201d en el fraccionamiento Los Miras.<\/p>\n","protected":false},"author":3,"featured_media":548050,"comment_status":"open","ping_status":"open","sticky":false,"template":"","format":"standard","meta":{"_monsterinsights_skip_tracking":false,"_monsterinsights_sitenote_active":false,"_monsterinsights_sitenote_note":"","_monsterinsights_sitenote_category":0,"footnotes":""},"categories":[5],"tags":[971,43675,95577,43677],"class_list":["post-547944","post","type-post","status-publish","format-standard","has-post-thumbnail","hentry","category-estado-de-mexico","tag-cuautitlan-izcalli","tag-estado-de-mexico","tag-los-miras","tag-seguridad"],"_links":{"self":[{"href":"https:\/\/www.diarioimagen.net\/index.php?rest_route=\/wp\/v2\/posts\/547944","targetHints":{"allow":["GET"]}}],"collection":[{"href":"https:\/\/www.diarioimagen.net\/index.php?rest_route=\/wp\/v2\/posts"}],"about":[{"href":"https:\/\/www.diarioimagen.net\/index.php?rest_route=\/wp\/v2\/types\/post"}],"author":[{"embeddable":true,"href":"https:\/\/www.diarioimagen.net\/index.php?rest_route=\/wp\/v2\/users\/3"}],"replies":[{"embeddable":true,"href":"https:\/\/www.diarioimagen.net\/index.php?rest_route=%2Fwp%2Fv2%2Fcomments&post=547944"}],"version-history":[{"count":0,"href":"https:\/\/www.diarioimagen.net\/index.php?rest_route=\/wp\/v2\/posts\/547944\/revisions"}],"wp:featuredmedia":[{"embeddable":true,"href":"https:\/\/www.diarioimagen.net\/index.php?rest_route=\/wp\/v2\/media\/548050"}],"wp:attachment":[{"href":"https:\/\/www.diarioimagen.net\/index.php?rest_route=%2Fwp%2Fv2%2Fmedia&parent=547944"}],"wp:term":[{"taxonomy":"category","embeddable":true,"href":"https:\/\/www.diarioimagen.net\/index.php?rest_route=%2Fwp%2Fv2%2Fcategories&post=547944"},{"taxonomy":"post_tag","embeddable":true,"href":"https:\/\/www.diarioimagen.net\/index.php?rest_route=%2Fwp%2Fv2%2Ftags&post=547944"}],"curies":[{"name":"wp","href":"https:\/\/api.w.org\/{rel}","templated":true}]}}