{"id":547946,"date":"2022-05-27T00:01:47","date_gmt":"2022-05-27T05:01:47","guid":{"rendered":"https:\/\/www.diarioimagen.net\/?p=547946"},"modified":"2022-05-27T07:38:42","modified_gmt":"2022-05-27T12:38:42","slug":"tendremos-en-edomex-un-gobernador-priista-en-2023-afirma-el-dirigente-tricolor-eric-sevilla","status":"publish","type":"post","link":"https:\/\/www.diarioimagen.net\/?p=547946","title":{"rendered":"Tendremos en Edomex un gobernador priista en 2023, afirma el dirigente tricolor Eric Sevilla"},"content":{"rendered":"<p>&nbsp;<\/p>\n<ul>\n<li><strong><em>Llamado a la unidad<\/em><\/strong><\/li>\n<\/ul>\n<p>&nbsp;<\/p>\n<div id=\"attachment_548048\" style=\"width: 470px\" class=\"wp-caption aligncenter\"><img loading=\"lazy\" decoding=\"async\" aria-describedby=\"caption-attachment-548048\" class=\"size-full wp-image-548048\" src=\"https:\/\/www.diarioimagen.net\/wp-content\/uploads\/2022\/05\/valle-8.jpg\" alt=\"\" width=\"460\" height=\"391\" \/><p id=\"caption-attachment-548048\" class=\"wp-caption-text\">Eric Sevilla entreg\u00f3 reconocimientos y notas laudatorias para honrar a los militantes que han trabajado con esfuerzo y lealtad por el partido.<\/p><\/div>\n<p>&nbsp;<\/p>\n<p><strong>Valle de M\u00e9xico.\u2014<\/strong> El Partido Revolucionario Institucional va a estar\u00a0 m\u00e1s fortalecido que nunca en la elecci\u00f3n de 2023. Y no hay duda de que tendremos gobernador priista.<\/p>\n<p>Con estas palabras se expres\u00f3 Eric Sevilla, dirigente estatal del del PRI, al tiempo de destacar que\u00a0\u201cVamos a hacerlo juntos, en cada rinc\u00f3n;\u00a0en cada espacio de este Estado de M\u00e9xico vamos a tocar puertas, vamos a hablar con la gente, vamos a pedirle a aquellos que se fueron que regresaron a su casa\u201d. Eric Sevilla, convoc\u00f3 a la militancia de Temascaltepec a la reflexi\u00f3n, al trabajo, al esfuerzo, con un llamado a la unidad por el futuro de nuestros hijos y del pa\u00eds.<\/p>\n<p>Con el acompa\u00f1amiento de la diputada federal Jazm\u00edn Jaimes, y del diputado local, Mario Santana, Eric Sevilla entreg\u00f3 reconocimientos y notas laudatorias para honrar a los militantes que han trabajado con esfuerzo y lealtad por el partido.<\/p>\n<p>En este marco, dijo que la del 2023 va a ser una de las batallas m\u00e1s importantes que vamos a ganar.\u00a0No es solo la gubernatura, \u201cvamos a pelear por un proyecto de naci\u00f3n\u201d.<\/p>\n<p>En tres a\u00f1os y medio \u201cd\u00f3nde est\u00e1 el bienestar, d\u00f3nde est\u00e1 el primero los pobres, han fracasado en todo, han mentido en todo;\u00a0el presidente -del pa\u00eds- miente todos los d\u00edas y no lo vamos a permitir m\u00e1s\u201d, dijo.<\/p>\n<p>Por otra parte, dijo que\u00a0\u00a0ganando el Estado de M\u00e9xico el pr\u00f3ximo a\u00f1o, \u201cnos vamos a preparar para ganar nuevamente y recuperar este pa\u00eds, para darle certidumbre y hoja de ruta a los mexicanos\u201d, abund\u00f3.<\/p>\n","protected":false},"excerpt":{"rendered":"<p>El Partido Revolucionario Institucional va a estar\u00a0 m\u00e1s fortalecido que nunca en la elecci\u00f3n de 2023. Y no hay duda de que tendremos gobernador priista.<\/p>\n","protected":false},"author":3,"featured_media":548048,"comment_status":"open","ping_status":"open","sticky":false,"template":"","format":"standard","meta":{"_monsterinsights_skip_tracking":false,"_monsterinsights_sitenote_active":false,"_monsterinsights_sitenote_note":"","_monsterinsights_sitenote_category":0,"footnotes":""},"categories":[5],"tags":[95578,6610,34],"class_list":["post-547946","post","type-post","status-publish","format-standard","has-post-thumbnail","hentry","category-estado-de-mexico","tag-eric-sevilla","tag-gobernador","tag-valle-de-mexico"],"_links":{"self":[{"href":"https:\/\/www.diarioimagen.net\/index.php?rest_route=\/wp\/v2\/posts\/547946","targetHints":{"allow":["GET"]}}],"collection":[{"href":"https:\/\/www.diarioimagen.net\/index.php?rest_route=\/wp\/v2\/posts"}],"about":[{"href":"https:\/\/www.diarioimagen.net\/index.php?rest_route=\/wp\/v2\/types\/post"}],"author":[{"embeddable":true,"href":"https:\/\/www.diarioimagen.net\/index.php?rest_route=\/wp\/v2\/users\/3"}],"replies":[{"embeddable":true,"href":"https:\/\/www.diarioimagen.net\/index.php?rest_route=%2Fwp%2Fv2%2Fcomments&post=547946"}],"version-history":[{"count":0,"href":"https:\/\/www.diarioimagen.net\/index.php?rest_route=\/wp\/v2\/posts\/547946\/revisions"}],"wp:featuredmedia":[{"embeddable":true,"href":"https:\/\/www.diarioimagen.net\/index.php?rest_route=\/wp\/v2\/media\/548048"}],"wp:attachment":[{"href":"https:\/\/www.diarioimagen.net\/index.php?rest_route=%2Fwp%2Fv2%2Fmedia&parent=547946"}],"wp:term":[{"taxonomy":"category","embeddable":true,"href":"https:\/\/www.diarioimagen.net\/index.php?rest_route=%2Fwp%2Fv2%2Fcategories&post=547946"},{"taxonomy":"post_tag","embeddable":true,"href":"https:\/\/www.diarioimagen.net\/index.php?rest_route=%2Fwp%2Fv2%2Ftags&post=547946"}],"curies":[{"name":"wp","href":"https:\/\/api.w.org\/{rel}","templated":true}]}}