{"id":547966,"date":"2022-05-27T00:02:09","date_gmt":"2022-05-27T05:02:09","guid":{"rendered":"https:\/\/www.diarioimagen.net\/?p=547966"},"modified":"2022-05-30T05:03:12","modified_gmt":"2022-05-30T10:03:12","slug":"ojala-coalicion-va-por-mexico-diera-sorpresas","status":"publish","type":"post","link":"https:\/\/www.diarioimagen.net\/?p=547966","title":{"rendered":"Ojal\u00e1 coalici\u00f3n Va por M\u00e9xico diera sorpresas"},"content":{"rendered":"<h2>La Retaguardia<\/h2>\n<h5>Adriana Moreno Cordero<\/h5>\n<p>&nbsp;<\/p>\n<ul>\n<li><strong><em>\u00bfCon qu\u00e9 cara asegura L\u00f3pez Obrador que su \u201cabrazos, no balazos\u201d funciona?<\/em><\/strong><\/li>\n<\/ul>\n<p>&nbsp;<\/p>\n<p>Entramos en la semana que marca la cuenta regresiva para las elecciones del ya muy pr\u00f3ximo 5 de junio y bien puede concluirse que la oposici\u00f3n y los candidatos que lleva en estos comicios, han cometido serios errores, a lo mejor producto de la desesperaci\u00f3n porque esta jornada electoral ser\u00e1 un experimento, una de las antesalas de cara a la elecci\u00f3n presidencial de 2024 y los resultados que se obtengan, de seguro incidir\u00e1n en el camino hacia ese crucial a\u00f1o.<\/p>\n<p>Por eso se ve muy mal y hasta es motivo de burla que, por ejemplo, el dirigente nacional del PRD, <strong>Jes\u00fas Zambrano<\/strong>, ande declarando que el primer domingo de junio \u201chabr\u00e1 sorpresas\u201d y la coalici\u00f3n \u201cVa por M\u00e9xico, podr\u00eda ganar en estados en los que estar\u00eda m\u00e1s que \u201ccantado\u201d el triunfo de Morena. Y luego, el l\u00edder del sol azteca se enoja porque en los medios no le \u201ccompran\u201d su pron\u00f3stico. No obstante, Zambrano contin\u00faa insistiendo en que la oposici\u00f3n ganar\u00e1 cuatro de las seis gubernaturas que estar\u00e1n en juego o, al final, quedar\u00e1n tres de tres. Bueno, el perredista hasta se dio el lujo de decir que habr\u00eda algunos empates t\u00e9cnicos. \u201cOaxaca es un acertijo\u201d, dijo de pasada en una de las tantas entrevistas. \u00bfSer\u00e1?<\/p>\n<p>En la C\u00e1mara alta, por otro lado, el coordinador de los senadores del PAN, <strong>Julen Rementer\u00eda<\/strong>, ofreci\u00f3 una conferencia de prensa para se\u00f1alar que, \u201cMorena y sus aliados saben que su derrota se aproxima, vamos a ganar por supuesto en Aguascalientes, en Durango, en Tamaulipas, sin ninguna duda, y estamos muy cerca tambi\u00e9n en Quintana Roo, en Hidalgo y haciendo un trabajo extraordinario en Oaxaca. Y saben que su derrota se acerca porque las y los mexicanos ya se dieron cuenta de la colusi\u00f3n y del crimen organizado con Morena y sus aliados, y eso la gente no lo quiere, sabe que es una muy mala combinaci\u00f3n, ah\u00ed est\u00e1n los antecedentes de 2021 en Sinaloa, en San Luis Potos\u00ed, en Michoac\u00e1n, en toda la ruta del pac\u00edfico pues, as\u00ed es como se dio\u201d. \u00bfNo es tambi\u00e9n un error echar antes de los comicios las campanas al vuelo?<\/p>\n<p>Y respecto al PRI, ah\u00ed est\u00e1 que los audios que la gobernadora de Campeche, <strong>Layda Sansores<\/strong>, filtr\u00f3, especialmente el \u00faltimo donde el l\u00edder nacional del tricolor, <strong>Alejandro Moreno<\/strong>, dice que a los periodistas no se les mata a balazos, sino que se les mata de hambre, fue la puntilla para que en la cuenta regresiva de las elecciones del primer domingo de junio, puede que el partido oficial se lleve \u201ccarro completo\u201d.<\/p>\n<p>El problema con el Revolucionario Institucional, es que los militantes del otrora poderoso partido suponen que ser\u00e1 de entre sus filas de donde surgir\u00e1 el candidato presidencial de la coalici\u00f3n \u201cVa por M\u00e9xico\u201d y eso es todo lo contrario. A la hora de la verdad, ser\u00e1 el PAN el que levante la mano para decir que a \u00e9l le corresponde el derecho de que de este partido salga el candidato presidencial.<\/p>\n<p>Ahora bien, un pleito a lo interno de lo que se supone es un bloque opositor, ser\u00eda de un alt\u00edsimo costo pol\u00edtico porque -como se ha consignado en este espacio en anterior entrega-, a estas alturas ya era para que tuvieran candidato presidencial, capaz de unir a toda la oposici\u00f3n en contra del partido oficial y lo estuvieran placeando y fogueando.<\/p>\n<p>Ojal\u00e1 por lo menos en las elecciones de este primer domingo de junio, la coalici\u00f3n \u201cVa por M\u00e9xico\u201d le diera a parte del electorado una sorpresa, como dice Jes\u00fas Zambrano, pero si a eso le sumamos que Morena est\u00e1 dispuesto a hacer cualquier cantidad de trampas y ganar a costa de lo que sea, todo puede pasar.<\/p>\n<p>Por cierto, en defensa de \u201cAlito\u201d Moreno, el perredista Zambrano ha dicho que son audios obtenidos ilegalmente y editados, pero un punto importante es que hiciera hincapi\u00e9 en que lo que quieren los morenistas, es aniquilar a la coalici\u00f3n \u201cVa por M\u00e9xico\u201d.<\/p>\n<p style=\"text-align: center;\"><strong>Municiones<\/strong><\/p>\n<p>*** El domingo, el presidente de Estados Unidos, <strong>Joe Biden<\/strong>, y su esposa Jill, viajar\u00e1n a la Escuela Primaria Robb, ubicada en el peque\u00f1o poblado de Uvalde, Texas, para dar un abrazo solidario a las familias as\u00ed como su p\u00e9same por los terribles y sangrientos hechos en los que un desquiciado joven inici\u00f3 un tiroteo masivo en el que murieron 19 ni\u00f1os y dos maestras. Interesante el discurso del inquilino de la Casa Blanca en el que se lament\u00f3 que no pod\u00eda ser posible que solo en Estados Unidos ocurriera una masacre as\u00ed, porque en otros pa\u00edses del mundo no sucede y reiter\u00f3 estar cansado y harto de esta grave situaci\u00f3n. Sin embargo, a partir de hoy y hasta el 29 de mayo, se efectuar\u00e1 en el vecino pa\u00eds del norte \u2014en el Centro de Convenciones George R. Brown de Houston\u2014 la famosa Convenci\u00f3n de la Asociaci\u00f3n Nacional del Rifle, (NRA por sus cifras en ingl\u00e9s), considerada una organizaci\u00f3n pol\u00edtica que ha dado abundantes recursos al Partido Republicano, de la que orgullosamente forman parte personalidades de la talla del ex presidente <strong>Donald Trump<\/strong> y el senador republicano <strong>Ted Cruz<\/strong>. Ser\u00e1 la primera despu\u00e9s de la pandemia de Covid-19 y se da unos d\u00edas despu\u00e9s del tiroteo en Uvalde, Texas y en los discursos est\u00e1 contemplado, adem\u00e1s del ex presidente Trump, el gobernador de Texas, <strong>Greg Abbott<\/strong>, quien, como se recordar\u00e1, fue increpado por la responsabilidad que podr\u00eda haber tenido en estos tr\u00e1gicos y sangrientos hechos y est\u00e1 en campa\u00f1a porque quiere reelegirse. Un tiroteo en la localidad de Virginia, que pudo ser un enfrentamiento entre pandillas, en el que en medio quedaron ni\u00f1os de entre 9 y diez a\u00f1os que tuvieron que correr por sus vidas, resultando lesionada una menor.<\/p>\n<p>*** Y hablando de tragedias, con qu\u00e9 cara se atreve a aseverar el presidente <strong>Andr\u00e9s Manuel L\u00f3pez Obrador<\/strong> que su rid\u00edcula estrategia de seguridad \u201cabrazos, no balazos\u201d, est\u00e1 funcionando y no la va a cambiar porque en el pasado no se atendi\u00f3 la inseguridad y que demostrar\u00e1 que su estrategia funciona (\u00bfy c\u00f3mo pensar\u00e1 hacerle?), cuando en Veracruz, tierra \u201cgobernada\u201d por uno de sus consentidos, <strong>Cuitl\u00e1huac Garc\u00eda<\/strong>, en plena ma\u00f1ana y delante de alrededor de 200 personas, fue asesinado <strong>Clemente Nagasaky Casta\u00f1eda<\/strong>, director del DIF de Acayucan, Veracruz, que fue subprocurador de Justicia durante la gesti\u00f3n del ex gobernador <strong>Javier Duarte<\/strong>. El discurso oficial, el mismo de siempre, que se investigar\u00e1 hasta el fondo de las consecuencias y que el crimen se aclarar\u00e1.<\/p>\n<p>*** El Juez <strong>Jos\u00e9 Luis Evaristo Villegas<\/strong>, admiti\u00f3 a tr\u00e1mite una demanda de amparo que impugna la contrataci\u00f3n de m\u00e9dicos cubanos por parte de esta errada y llamada Cuarta Transformaci\u00f3n, sin embargo, rechaz\u00f3 conceder una suspensi\u00f3n provisional para frenar ese proceso o para que se d\u00e9 preferencia a m\u00e9dicos certificados por las autoridades educativas nacionales.<\/p>\n<p><u><a href=\"mailto:morcora@gmail.com\" target=\"_blank\" rel=\"noopener noreferrer\"><em>morcora@gmail.com<\/em><\/a><\/u><\/p>\n","protected":false},"excerpt":{"rendered":"<p><span style=\"color: #005497;\"><strong>Adriana Moreno Cordero<\/strong><\/span><\/p>\n","protected":false},"author":3,"featured_media":0,"comment_status":"open","ping_status":"open","sticky":false,"template":"","format":"standard","meta":{"_monsterinsights_skip_tracking":false,"_monsterinsights_sitenote_active":false,"_monsterinsights_sitenote_note":"","_monsterinsights_sitenote_category":0,"footnotes":""},"categories":[69370],"tags":[69369,69368,43674],"class_list":["post-547966","post","type-post","status-publish","format-standard","hentry","category-adriana-moreno-cordero","tag-adriana-moreno-cordero","tag-la-retaguardia","tag-opinion"],"_links":{"self":[{"href":"https:\/\/www.diarioimagen.net\/index.php?rest_route=\/wp\/v2\/posts\/547966","targetHints":{"allow":["GET"]}}],"collection":[{"href":"https:\/\/www.diarioimagen.net\/index.php?rest_route=\/wp\/v2\/posts"}],"about":[{"href":"https:\/\/www.diarioimagen.net\/index.php?rest_route=\/wp\/v2\/types\/post"}],"author":[{"embeddable":true,"href":"https:\/\/www.diarioimagen.net\/index.php?rest_route=\/wp\/v2\/users\/3"}],"replies":[{"embeddable":true,"href":"https:\/\/www.diarioimagen.net\/index.php?rest_route=%2Fwp%2Fv2%2Fcomments&post=547966"}],"version-history":[{"count":0,"href":"https:\/\/www.diarioimagen.net\/index.php?rest_route=\/wp\/v2\/posts\/547966\/revisions"}],"wp:attachment":[{"href":"https:\/\/www.diarioimagen.net\/index.php?rest_route=%2Fwp%2Fv2%2Fmedia&parent=547966"}],"wp:term":[{"taxonomy":"category","embeddable":true,"href":"https:\/\/www.diarioimagen.net\/index.php?rest_route=%2Fwp%2Fv2%2Fcategories&post=547966"},{"taxonomy":"post_tag","embeddable":true,"href":"https:\/\/www.diarioimagen.net\/index.php?rest_route=%2Fwp%2Fv2%2Ftags&post=547966"}],"curies":[{"name":"wp","href":"https:\/\/api.w.org\/{rel}","templated":true}]}}