{"id":547987,"date":"2022-05-27T00:07:02","date_gmt":"2022-05-27T05:07:02","guid":{"rendered":"https:\/\/www.diarioimagen.net\/?p=547987"},"modified":"2022-05-30T05:36:46","modified_gmt":"2022-05-30T10:36:46","slug":"la-cumbre-de-las-americas-evento-decisivo-para-amlo","status":"publish","type":"post","link":"https:\/\/www.diarioimagen.net\/?p=547987","title":{"rendered":"La Cumbre de las Am\u00e9ricas, evento decisivo para AMLO"},"content":{"rendered":"<h2>Clase Pol\u00edtica<\/h2>\n<h5>Miguel \u00c1ngel Rivera<\/h5>\n<p>&nbsp;<\/p>\n<p>Es de suponerse que, de un momento a otro, el presidente Andr\u00e9s Manuel L\u00f3pez Obrador anunciar\u00e1 si acude o no a la Cumbre de las Am\u00e9ricas, que se realizar\u00e1 a partir del 6 de junio en Los \u00c1ngeles, California.<\/p>\n<p>Aunque se trata de un foro multinacional, la decisi\u00f3n del primer mandatario mexicano ser\u00e1 de gran impacto para las relaciones entre nuestro pa\u00eds y los Estados Unidos.<\/p>\n<p>Es m\u00e1s que conocido que la naci\u00f3n vecina es la mayor potencia mundial y, en particular, el principal socio comercial de M\u00e9xico, con el cual se tiene un intercambio comercial que, seg\u00fan cifras oficiales de la Oficina del Censo de los Estados Unidos, en 2021\u00a0el comercio bilateral sum\u00f3 661 mil 164 millones de d\u00f3lares, la cifra m\u00e1s alta desde que hay registro y que incluye importaciones y exportaciones. Traducido a moneda nacional, a un cambio de 20 pesos por d\u00f3lar, se llega una impresionante cifra de m\u00e1s de 13 billones (13 millones de millones), casi equivalente a dos veces el presupuesto anual del gobierno mexicano, que para este a\u00f1o asciende a poco m\u00e1s de 7 billones de pesos.<\/p>\n<p>Cifras aparte, la interdependencia se refleja directamente en millones de personas que tienen parientes en los dos lados de la frontera, como no ha dejado de recalcarlo el presidente L\u00f3pez Obrador al dar peri\u00f3dicamente informes acerca de las remesas enviadas por los migrantes, las cuales resultan b\u00e1sicas y hasta indispensables para sus familias que permanecieron en sus lugares de origen.<\/p>\n<p>Adem\u00e1s de las diferencias de desarrollo, esa cercan\u00eda e interdependencia es lo que hace vulnerable a M\u00e9xico, como se evidenci\u00f3 cuando el ex presidente de los Estados Unidos, Donald Trump, dobl\u00f3 la voluntad del gobierno nacional y oblig\u00f3 al gobierno de la llamada Cuarta Transformaci\u00f3n a comprometer a miles de elementos de la Guardia Nacional y las fuerzas armadas a convertirse en agentes para contener a los migrantes que utilizan a M\u00e9xico como puente para llegar a la Uni\u00f3n Americana.<\/p>\n<p>Aunque el gobierno del presidente L\u00f3pez Obrador no ha admitido ese convenio, lo cierto es que, en la pr\u00e1ctica, los migrantes deben permanecer en territorio mexicano antes de recibir el benepl\u00e1cito de los Estados Unidos.<\/p>\n<p>Fuentes confiables dicen que las amenazas de Trump consistieron, b\u00e1sicamente, en imponer aranceles a las exportaciones nacionales, presionar a las empresas estadounidenses a retirar sus plantas o no invertir m\u00e1s en M\u00e9xico y, eventualmente, bloquear o gravar las remesas de los migrantes.<\/p>\n<p>A pesar de esas amenazas y de las constantes cr\u00edticas contra los migrantes mexicanos, a los que calificaba de delincuentes, Trump siempre fue bien visto por L\u00f3pez Obrador, quien al asumir el poder dej\u00f3 en el olvido las cr\u00edticas que le lanz\u00f3 cuando era s\u00f3lo candidato.<\/p>\n<p>Al cambio de poderes en los Estados Unidos, el presidente mexicano asumi\u00f3 una actitud m\u00e1s r\u00edgida frente al nuevo presidente de la Uni\u00f3n Americana, el dem\u00f3crata Joe Biden. Para empezar, se neg\u00f3 a reconocer de inmediato su triunfo electoral \u2014como s\u00ed lo hicieron mandatarios de otras naciones\u2014 y esper\u00f3 a felicitarlo hasta que se hizo oficial esa victoria.<\/p>\n<p>Luego, el Presidente mexicano ha impulsado una reforma en materia energ\u00e9tica \u2014petr\u00f3leo y electricidad\u2014 tendiente a reforzar el control del estado en esos sectores, lo cual contraviene la pol\u00edtica de los Estados Unidos de impulsar el uso de energ\u00edas limpias y, sobre todo, dejar esas \u00e1reas a la libre competencia de las empresas especializadas, mientras que el actual gobierno mexicano desea que Pemex y Comisi\u00f3n Federal de Electricidad (CFE) encabecen sendos monopolios estatales.<\/p>\n<p>Aunque ya ha habido algunos roces, promovidos por las empresas afectadas por las nuevas disposiciones mexicanas, pero ello no ha trascendido porque Biden afronta el grave problema de la migraci\u00f3n, pero no ha tenido oportunidad de modificar los procedimientos y ha tenido que solicitar a M\u00e9xico mantenerse como \u201ctercer pa\u00eds\u201d, para retener en su territorio a los migrantes, como lo impuso Trump.<\/p>\n<p>A \u00faltimas fechas lo que ha generado desacuerdos entre las administraciones L\u00f3pez Obrador y Biden es la relaci\u00f3n de los Estados Unidos con Latinoam\u00e9rica y, en particular, con Cuba. El presidente mexicano ha denunciado el boicot estadounidense contra la isla.<\/p>\n<p>En este \u00e1mbito, aunque se hab\u00eda manifestado reacio a los asuntos de pol\u00edtica exterior \u2014\u201dla mejor pol\u00edtica exterior es la pol\u00edtica interior\u201d, era el lema de AMLO\u2014 las circunstancias lo llevaron a asumir el papel de l\u00edder latinoamericano que siempre se le ha atribuido a M\u00e9xico, aunque no siempre se ha ejercido cabalmente.<\/p>\n<p>Esta posici\u00f3n se reforz\u00f3 al acercarse la fecha para la realizaci\u00f3n de la mencionada Cumbre de las Am\u00e9ricas, sobre todo cuando trascendi\u00f3 que el gobierno de Biden no planeaba invitar a los gobiernos de Cuba, Nicaragua y Venezuela, a los que acusa de no ser democr\u00e1ticos.<\/p>\n<p>A querer o no, el Presidente mexicano asumi\u00f3 el papel de l\u00edder, al demandar que en esa reuni\u00f3n no se excluya a nadie, con lo cual se coloc\u00f3 del lado de los antiimperialistas mexicanos que mantienen su acusaci\u00f3n contra los Estados Unidos e intervencionista y de promover el derrocamiento de reg\u00edmenes democr\u00e1ticos aun a costa de financiar gobiernos dictatoriales.<\/p>\n<p>Esa imagen del mandatario mexicano se reforz\u00f3 cuando otras naciones secundaron su exigencia de que se invite a todos. Los presidentes de Bolivia, Luis Arce; y de Honduras, Xiomara Castro de Zelaya, tambi\u00e9n anunciaron que no acudir\u00edan a una reuni\u00f3n de la que se excluye a otras naciones de la regi\u00f3n. Aunque no cancel\u00f3 su participaci\u00f3n, el presidente de Argentina, Alberto Fern\u00e1ndez, tambi\u00e9n se sum\u00f3 a los que piden que nadie sea marginado.<\/p>\n<p>\u201cTengo pensado ir (a la cumbre), pero le pido a los organizadores lo mismo que les pidi\u00f3 (el presidente de M\u00e9xico, L\u00f3pez Obrador): que invite a todos los pa\u00edses de Am\u00e9rica Latina\u201d, afirm\u00f3 Fern\u00e1ndez en una entrevista en Berl\u00edn con el canal\u00a0<strong><em>DW<\/em><\/strong>\u00a0en espa\u00f1ol.<\/p>\n<p>La respuesta definitiva del gobierno de Joe Biden se conoci\u00f3 ayer.<\/p>\n<p>El coordinador de la Cumbre de las Am\u00e9ricas, Kevin O\u2019Reilly, dijo que no se invit\u00f3 a Venezuela ni a Nicaragua.<\/p>\n<p>\u201cRotundamente no. No lo reconocemos como un gobierno soberano\u201d, dijo Kevin O\u2019Reilly, coordinador de la Cumbre, a un comit\u00e9 del Senado cuando se le pregunt\u00f3 sobre la participaci\u00f3n del gobierno de Maduro.<\/p>\n<p>En su comparecencia ante senadores,\u00a0al responder preguntas sobre la posible participaci\u00f3n de representantes del gobierno cubano, el funcionario dijo que la Casa Blanca estaba a cargo del asunto, pero que a su entender ninguna invitaci\u00f3n hab\u00eda sido enviada a\u00fan.<\/p>\n<p>En realidad, esa invitaci\u00f3n no era necesaria. El presidente de Cuba, Miguel D\u00edaz-Canel, anunci\u00f3 el mi\u00e9rcoles que \u201cen ning\u00fan caso\u201d asistir\u00e1.<\/p>\n<p>En conferencia conjunta, el canciller de Argentina,\u00a0Santiago Andr\u00e9s Cafiero, y\u00a0el secretario de Relaciones Exteriores, Marcelo Ebrard Casaub\u00f3n, insistieron en que \u201cno debe haber exclusiones\u201d.<\/p>\n<p>El representante del gobierno de Alberto Fern\u00e1ndez se\u00f1al\u00f3 que Argentina, que preside la Comunidad de Estados Latinoamericanos y Caribe\u00f1os (CELAC), tambi\u00e9n se opone a que haya exclusiones.<\/p>\n<p>El diplom\u00e1tico argentino record\u00f3 que la CELAC es un \u201ctestimonio muy valioso\u201d en materia de relaciones regionales, pues \u201ces un foro sin exclusiones, en el que todos los pa\u00edses participan y son respetados\u201d.<\/p>\n<p>Asegur\u00f3 que esto no quiere decir que no haya diferencias entre los pa\u00edses, pero afirm\u00f3 que \u201cde esa diversidad surge la fortaleza\u201d del modelo de integraci\u00f3n latinoamericano y caribe\u00f1o que busca la CELAC.<\/p>\n<p>Asegur\u00f3 que esto no quiere decir que no haya diferencias entre los pa\u00edses, pero afirm\u00f3 que \u201cde esa diversidad surge la fortaleza\u201d del modelo de integraci\u00f3n latinoamericano y caribe\u00f1o que busca la CELAC.<\/p>\n<p>Como dicen los cronistas deportivos, ahora \u201cel bal\u00f3n est\u00e1 en la cancha de L\u00f3pez Obrador\u201d.<\/p>\n<p>El mandatario mexicano est\u00e1 ante el dilema de distanciarse m\u00e1s del gobierno de Joe Biden, al confirmar que no asistir\u00e1 a la cumbre, o quedar\u00e1 mal con los mandatarios latinoamericanos, quienes seguramente estar\u00e1n atentos de la reacci\u00f3n del pol\u00edtico tabasque\u00f1o.<\/p>\n<p>Tambi\u00e9n habr\u00e1 repercusiones en M\u00e9xico. De no asistir, el l\u00edder y gu\u00eda de\u00a0la llamada Cuarta Transformaci\u00f3n se ganar\u00e1 todav\u00eda m\u00e1s la admiraci\u00f3n de los antiyanquis, pero tambi\u00e9n recibir\u00e1 reacciones de inconformidad del sector que considera demasiado riesgoso atraerse la animadversi\u00f3n del principal socio econ\u00f3mico de nuestro pa\u00eds.<\/p>\n<p><em><a href=\"mailto:riparcangel@hotmail.com\" target=\"_blank\" rel=\"noopener noreferrer\">riparcangel@hotmail.com<\/a><\/em><\/p>\n","protected":false},"excerpt":{"rendered":"<p><span style=\"color: #005497;\"><strong>Miguel \u00c1ngel Rivera<\/strong><\/span<\/span><\/p>\n","protected":false},"author":3,"featured_media":0,"comment_status":"open","ping_status":"open","sticky":false,"template":"","format":"standard","meta":{"_monsterinsights_skip_tracking":false,"_monsterinsights_sitenote_active":false,"_monsterinsights_sitenote_note":"","_monsterinsights_sitenote_category":0,"footnotes":""},"categories":[84119],"tags":[84120,84121,43674],"class_list":["post-547987","post","type-post","status-publish","format-standard","hentry","category-miguel-angel-rivera","tag-clase-politica","tag-miguel-angel-rivera","tag-opinion"],"_links":{"self":[{"href":"https:\/\/www.diarioimagen.net\/index.php?rest_route=\/wp\/v2\/posts\/547987","targetHints":{"allow":["GET"]}}],"collection":[{"href":"https:\/\/www.diarioimagen.net\/index.php?rest_route=\/wp\/v2\/posts"}],"about":[{"href":"https:\/\/www.diarioimagen.net\/index.php?rest_route=\/wp\/v2\/types\/post"}],"author":[{"embeddable":true,"href":"https:\/\/www.diarioimagen.net\/index.php?rest_route=\/wp\/v2\/users\/3"}],"replies":[{"embeddable":true,"href":"https:\/\/www.diarioimagen.net\/index.php?rest_route=%2Fwp%2Fv2%2Fcomments&post=547987"}],"version-history":[{"count":0,"href":"https:\/\/www.diarioimagen.net\/index.php?rest_route=\/wp\/v2\/posts\/547987\/revisions"}],"wp:attachment":[{"href":"https:\/\/www.diarioimagen.net\/index.php?rest_route=%2Fwp%2Fv2%2Fmedia&parent=547987"}],"wp:term":[{"taxonomy":"category","embeddable":true,"href":"https:\/\/www.diarioimagen.net\/index.php?rest_route=%2Fwp%2Fv2%2Fcategories&post=547987"},{"taxonomy":"post_tag","embeddable":true,"href":"https:\/\/www.diarioimagen.net\/index.php?rest_route=%2Fwp%2Fv2%2Ftags&post=547987"}],"curies":[{"name":"wp","href":"https:\/\/api.w.org\/{rel}","templated":true}]}}