{"id":548006,"date":"2022-05-27T00:22:34","date_gmt":"2022-05-27T05:22:34","guid":{"rendered":"https:\/\/www.diarioimagen.net\/?p=548006"},"modified":"2022-06-03T04:30:31","modified_gmt":"2022-06-03T09:30:31","slug":"candidatos-en-las-elecciones-2022-y-2023","status":"publish","type":"post","link":"https:\/\/www.diarioimagen.net\/?p=548006","title":{"rendered":"Candidatos en las elecciones 2022 y 2023"},"content":{"rendered":"<h1>Politigrama<\/h1>\n<h4>V\u00edctor Manuel J\u00e1come<\/h4>\n<p>&nbsp;<\/p>\n<p><a href=\"https:\/\/www.diarioimagen.net\/?attachment_id=548039\" rel=\"attachment wp-att-548039\"><img loading=\"lazy\" decoding=\"async\" class=\"aligncenter size-full wp-image-548039\" src=\"https:\/\/www.diarioimagen.net\/wp-content\/uploads\/2022\/05\/Diapositiva1-2.jpg\" alt=\"\" width=\"460\" height=\"356\" \/><\/a><\/p>\n<p>&nbsp;<\/p>\n<h3 style=\"text-align: center;\">H O R I Z O N T A L E S :<\/h3>\n<p>&nbsp;<\/p>\n<p><strong>1.- <\/strong>Seg\u00fan el Instituto Nacional Electoral este proceso comprende las etapas siguientes: Preparaci\u00f3n de la elecci\u00f3n; Jornada electoral; y Actos posteriores a la elecci\u00f3n y los resultados electorales. Y de las elecciones que se realizaran este 2022 y 2023 en las 8 gubernaturas y sus partidos, aspirantes y nombres, tratar\u00e1 este Politigrama.<\/p>\n<p><strong>2.- <\/strong>Nombre del paradisiaco estado del sureste al que aspiran a relevar al perredista Carlos Manuel Joaqu\u00edn Gonz\u00e1lez, la morenista, petista y verde ecologista Mara Lezama; la panista, perredista Laura Fern\u00e1ndez; la pri\u00edsta Leslie Hendricks; el emecista Jos\u00e9 Luis Pech y el masista Nirvardo Mena.<\/p>\n<p><strong>4.- <\/strong>Nombre del bello estado que gobierna el pri\u00edsta Alejandro Ismael Murat al que aspiran relevar los candidatos y gobernar a m\u00e1s de tres millones de oaxaque\u00f1os que los podr\u00e1n elegir entre la panista Natividad D\u00edaz y la emecista Alejandra Garc\u00eda Morlan o el morenista, verde ecologista y del PUP Salom\u00f3n Jara y el PRI-PRD Alejandro Aviles y el de nueva alianza Bersa\u00edn L\u00f3pez.<\/p>\n<p><strong>7.- <\/strong>Iniciales de Sergio Vera.<\/p>\n<p><strong>8.-<\/strong> Nombre del bello estado que gobierna el panista Mart\u00edn Orozco Sandoval y que ser\u00e1 relevado por seg\u00fan el voto popular por las aspirantes del PRI-PAN-PRD Mar\u00eda Teresa Jim\u00e9nez; la morenista Nora Ruvalcaba; la emecista Anayeli Mu\u00f1oz; la petista, verde ecologista Martha M\u00e1rquez y la de Fuerza por M\u00e9xico Natzielli Rodr\u00edguez.<\/p>\n<p><strong>11.- <\/strong>Tipo de propuesta de electricidad que propuso el presidente L\u00f3pez Obrador y que los diputados de oposici\u00f3n por no analizarla bien la rechazaron y los morenistas creen que eso se los cobrar\u00e1n los electores con sus votos.<\/p>\n<p><strong>13.-<\/strong> Iniciales de Ver\u00f3nica Davos Daniel.<\/p>\n<p><strong>15.-<\/strong> As\u00ed esperan los militantes del partido oficial que le digan los votantes a los aspirantes de la oposici\u00f3n en las pr\u00f3ximas elecciones.<\/p>\n<p><strong>16.-<\/strong> Contra viento y marea, el conteo de estos en las elecciones definir\u00e1, sin duda, quien habr\u00e1 de gobernar en esos estados.<\/p>\n<p><strong>20.-<\/strong> Para las ciencias sociales esto es la capacidad de un individuo para influir en el comportamiento de otras personas u organizaciones sociales.<\/p>\n<p><strong>21.- <\/strong>Carta de la baraja con la que el l\u00edder del PRI, Alejandro Moreno se autoidentifica a pesar de todas las tranzas que se le han ido encontrando cuando era gobernador de Campeche.<\/p>\n<p><strong>22.- <\/strong>Carta invertida de la baraja con la que se autoidentifica el l\u00edder del PAN, Marko Cort\u00e9s, a quien parece no importarle el perder afiliados.<\/p>\n<p><strong>23.- <\/strong>Carta invertida de la baraja con la que se autoidentifica el l\u00edder del PRD, Jes\u00fas Ortega.<\/p>\n<p><strong>24.- <\/strong>Como se le define a una funcionaria de un gobierno estatal que ha sido deshonesta.<\/p>\n<p><strong>26.- <\/strong>Iniciales de Luis Jaime Portos.<\/p>\n<p><strong>28.-<\/strong> Iniciales de Laura Cazo.<\/p>\n<p><strong>30.- <\/strong>Siglas del Colegio Universitario de Cultural.<\/p>\n<p><strong>31.- <\/strong>M\u00e1ximo tribunal y autoridad en un juicio.<\/p>\n<p><strong>33.- <\/strong>Emit\u00ed una alegr\u00eda. (Inv).<\/p>\n<p><strong>34.- <\/strong>Nombre del airoso estado que no ha tenido ninguna alternancia en el poder m\u00e1s que el pri\u00edsmo y que gobierna el pri\u00edsta Omar Fayad que aspiran relevar el morenista, petista y nueva alianza Julio Ram\u00f3n Menchaca; la pri\u00edsta, panista, perredista, Alma Carolina Viggiano, el emecista Francisco Xavier Verganza y el verde ecologista Jos\u00e9 Luis Lima.<\/p>\n<p><strong>35.- <\/strong>Un par.<\/p>\n<p><strong>36.- <\/strong>Iniciales de Juan Manuel Aceves.<\/p>\n<p><strong>39.-<\/strong> Iniciales de Olga Olmos.<\/p>\n<p><strong>40.- <\/strong>Iniciales de Ofelia D\u00edaz.<\/p>\n<p><strong>41.-<\/strong> Iniciales de Gabriel Oros D\u00edaz.<\/p>\n<p><strong>43.- <\/strong>Edificio donde se encierra a los condenados a pena de privaci\u00f3n de libertad o a los presuntos culpables de un delito. Donde seguramente m\u00e1s de uno de los que dejan el poder ir\u00e1 a pasar unas vacaciones.<\/p>\n<p><strong>44.- <\/strong>Temor que eso le pase a algunos pr\u00f3ximos exgobernadores.<\/p>\n<p><strong>49.- <\/strong>Nombre del estado tierra de alacranes que gobierna el panista Jos\u00e9 Rosas Aispuro Torres y que aspiran a relevar los candidatos Esteban Alejandro Villegas, de la coalici\u00f3n PRIANRD; de Morena, PT, VEM y RSR Alma Marina Vitela; la emecista Patricia Flores Elizondo.<\/p>\n<p><strong>51.- <\/strong>Nombre del estado del Norte que desgobierna el panista Francisco Xavier Cabeza de Vaca y que aspira a ser relevado por los candidatos: C\u00e9sar Ver\u00e1stegui Ostos, por la coalici\u00f3n PAN, PRI y PRD; Am\u00e9rico Villarreal Anaya, alianza Morena, PVEM y PT y Arturo D\u00edez Guti\u00e9rrez Navarro, por Movimiento Ciudadano.<\/p>\n<p><strong>54.- <\/strong>Acr\u00f3nimo del estado que gobierna el pri\u00edsta Alfredo del Mazo y que en el 2023 dejar\u00e1 el cargo para que sea relevado por los candidatos que se dar\u00e1n a conocer en mayo del 2023.<\/p>\n<p><strong>55.- <\/strong>Nombre del estado que hoy gobierna el pr\u00edista\u00a0\u00a0 Miguel \u00c1ngel Riquelme Sol\u00eds y que dejar\u00e1 el poder en 2023, pronto conoceremos a sus aspirantes.<\/p>\n<p>&nbsp;<\/p>\n<h3 style=\"text-align: center;\">V E R T I C A L E S :<\/h3>\n<p>&nbsp;<\/p>\n<p><strong>1.- <\/strong>Completar el nombre de la coalici\u00f3n que propuso el empresario Claudio X Gonz\u00e1lez y que une a los partidos del PRI, PAN y PRD. Y que el senador panista Santiago Creel y el senador priista Ildelfonso Guajardo consideran que la \u00fanica forma de enfrentar a Morena y sus aliados en la elecci\u00f3n presidencial del 2024, se deben de unir con el MC para poder ganar la batalla electoral.<\/p>\n<p><strong>3.-<\/strong> Negaci\u00f3n lo que siempre ha dicho Dante Ranauro a la coalici\u00f3n Va por M\u00e9xico.<\/p>\n<p><strong>4.- <\/strong>Nombre del partido que liderea Luis Castro Obreg\u00f3n y que va con coalici\u00f3n con Morena y Verde Ecologista en Hidalgo apoyando a Julio Ram\u00f3n Menchaca.<\/p>\n<p><strong>6.- <\/strong>Completar el nombre del partido que es Institucional y que liderea, el ex gobernador de Campeche, Alejandro Moreno y cuyo partido est\u00e1 por perder su elecci\u00f3n si no alcanza los suficientes votos.<\/p>\n<p><strong>7.- <\/strong>Iniciales de Sergio Mota.<\/p>\n<p><strong>9.-<\/strong> Lo que quieren todos los candidatos que aspiran a las diferentes gubernaturas que estar\u00e1n en juego pr\u00f3ximamente.<\/p>\n<p><strong>10.-<\/strong> Siglas de la Secretar\u00eda de Difusi\u00f3n Juvenil.<\/p>\n<p><strong>12.- <\/strong>Pr\u00e1ctica recurrente en las elecciones que se realizaban en M\u00e9xico y que al parecer ya el INE ha ignorado esas pr\u00e1cticas.<\/p>\n<p><strong>14.- <\/strong>Completar el nombre del partido de la revoluci\u00f3n que liderea Jes\u00fas Ortega, que tambi\u00e9n est\u00e1 en jaque de perder su registro.<\/p>\n<p><strong>16.-<\/strong> Iniciales de V\u00edctor Ornelas.<\/p>\n<p>17.- Iniciales de Teresa Rosas.<\/p>\n<p><strong>18.- <\/strong>Iniciales de Olegario Uriarte.<\/p>\n<p><strong>19.- <\/strong>Iniciales de Sara P\u00e9rez.<\/p>\n<p><strong>25.- <\/strong>Nombre del partido que liderea Marko Cort\u00e9s. Que si no se agrupa con otros partidos perder\u00e1 sus gubernaturas.<\/p>\n<p><strong>27.- <\/strong>Completar el nombre del partido Del que liderea Alberto Anaya.<\/p>\n<p><strong>29.- <\/strong>Completar el nombre del partido Movimiento que liderea Dante Ranauro.<\/p>\n<p><strong>32.-<\/strong> Completar el nombre invertido del partido Verde\u2026 de M\u00e9xico que liderea Karen Castrej\u00f3n Trujillo.<\/p>\n<p><strong>34.- <\/strong>Completar el nombre de la coalici\u00f3n de partidos Juntos\u2026<\/p>\n<p><strong>37.- <\/strong>Acr\u00f3nimo del partido fundado por L\u00f3pez Obrador y que liderea, con muchas deficiencias, Mario Delgado.<\/p>\n<p><strong>38.- <\/strong>Iniciales de Luis Echeverria \u00c1lvarez.<\/p>\n<p><strong>42.- <\/strong>Acci\u00f3n que va en contra de lo establecido por la ley y que es castigada por ella con una pena grave. Lo que esta invadiendo los estados de la Rep\u00fablica Mexicana. (singular).<\/p>\n<p><strong>45.- <\/strong>Iniciales de Edna D\u00edaz.<\/p>\n<p><strong>46.- <\/strong>Iniciales de Dora Uribe.<\/p>\n<p><strong>47.- <\/strong>Iniciales de Olegario Roa.<\/p>\n<p><strong>48.- <\/strong>Nota musical.<\/p>\n<p><strong>50.- <\/strong>Definici\u00f3n de 365 d\u00edas.<\/p>\n<p><strong>52.- <\/strong>Siglas del partido que en el 2023 estar\u00e1 por quedarse sin gubernaturas.<\/p>\n<p><strong>53.- <\/strong>Nota musical.<\/p>\n<p>&nbsp;<\/p>\n<p><a href=\"https:\/\/www.diarioimagen.net\/?attachment_id=548041\" rel=\"attachment wp-att-548041\"><img loading=\"lazy\" decoding=\"async\" class=\"aligncenter size-full wp-image-548041\" src=\"https:\/\/www.diarioimagen.net\/wp-content\/uploads\/2022\/05\/Diapositiva2-2.jpg\" alt=\"\" width=\"460\" height=\"356\" \/><\/a><\/p>\n","protected":false},"excerpt":{"rendered":"<p><strong>1.- <\/strong>Seg\u00fan el Instituto Nacional Electoral este proceso comprende las etapas siguientes: Preparaci\u00f3n de la elecci\u00f3n; Jornada electoral; y Actos posteriores a la elecci\u00f3n y los resultados electorales. Y de las elecciones que se realizaran este 2022 y 2023 en las 8 gubernaturas y sus partidos, aspirantes y nombres, tratar\u00e1 este Politigrama.<\/p>\n","protected":false},"author":3,"featured_media":548039,"comment_status":"open","ping_status":"open","sticky":false,"template":"","format":"standard","meta":{"_monsterinsights_skip_tracking":false,"_monsterinsights_sitenote_active":false,"_monsterinsights_sitenote_note":"","_monsterinsights_sitenote_category":0,"footnotes":""},"categories":[17],"tags":[43682,92653,92654],"class_list":["post-548006","post","type-post","status-publish","format-standard","has-post-thumbnail","hentry","category-especiales","tag-espectaculos","tag-politigrama","tag-victor-manuel-jacome"],"_links":{"self":[{"href":"https:\/\/www.diarioimagen.net\/index.php?rest_route=\/wp\/v2\/posts\/548006","targetHints":{"allow":["GET"]}}],"collection":[{"href":"https:\/\/www.diarioimagen.net\/index.php?rest_route=\/wp\/v2\/posts"}],"about":[{"href":"https:\/\/www.diarioimagen.net\/index.php?rest_route=\/wp\/v2\/types\/post"}],"author":[{"embeddable":true,"href":"https:\/\/www.diarioimagen.net\/index.php?rest_route=\/wp\/v2\/users\/3"}],"replies":[{"embeddable":true,"href":"https:\/\/www.diarioimagen.net\/index.php?rest_route=%2Fwp%2Fv2%2Fcomments&post=548006"}],"version-history":[{"count":0,"href":"https:\/\/www.diarioimagen.net\/index.php?rest_route=\/wp\/v2\/posts\/548006\/revisions"}],"wp:featuredmedia":[{"embeddable":true,"href":"https:\/\/www.diarioimagen.net\/index.php?rest_route=\/wp\/v2\/media\/548039"}],"wp:attachment":[{"href":"https:\/\/www.diarioimagen.net\/index.php?rest_route=%2Fwp%2Fv2%2Fmedia&parent=548006"}],"wp:term":[{"taxonomy":"category","embeddable":true,"href":"https:\/\/www.diarioimagen.net\/index.php?rest_route=%2Fwp%2Fv2%2Fcategories&post=548006"},{"taxonomy":"post_tag","embeddable":true,"href":"https:\/\/www.diarioimagen.net\/index.php?rest_route=%2Fwp%2Fv2%2Ftags&post=548006"}],"curies":[{"name":"wp","href":"https:\/\/api.w.org\/{rel}","templated":true}]}}