{"id":548093,"date":"2022-05-30T00:06:54","date_gmt":"2022-05-30T05:06:54","guid":{"rendered":"https:\/\/www.diarioimagen.net\/?p=548093"},"modified":"2022-05-30T23:39:48","modified_gmt":"2022-05-31T04:39:48","slug":"raquel-madrigal-estudiante-uaemex-desarrolla-el-podcast-que-es-esa-cosa-llamada-ciencia","status":"publish","type":"post","link":"https:\/\/www.diarioimagen.net\/?p=548093","title":{"rendered":"Raquel Madrigal, estudiante UAEM\u00e9x desarrolla el podcast \u00bfQu\u00e9 es esa cosa llamada ciencia?"},"content":{"rendered":"<p><em>\u00a0<\/em><\/p>\n<ul>\n<li><strong><em>A trav\u00e9s de la Red de Divulgadores \u201cJos\u00e9 Antonio Alzate\u201d, beca otorgada por la m\u00e1xima casa de estudios mexiquense, ha logrado impulsar su proyecto con el objetivo de cambiar el paradigma de la ciencia frente a la sociedad bajo un abordaje filos\u00f3fico e hist\u00f3rico<\/em><\/strong><\/li>\n<\/ul>\n<p><strong>\u00a0<\/strong><\/p>\n<p><a href=\"https:\/\/www.diarioimagen.net\/?attachment_id=548210\" rel=\"attachment wp-att-548210\"><img loading=\"lazy\" decoding=\"async\" class=\"aligncenter size-full wp-image-548210\" src=\"https:\/\/www.diarioimagen.net\/wp-content\/uploads\/2022\/05\/uaem-raquel.jpg\" alt=\"\" width=\"460\" height=\"270\" \/><\/a><\/p>\n<p>&nbsp;<\/p>\n<p><strong>Toluca, Estado de M\u00e9xico.\u2014<\/strong> Involucrar a j\u00f3venes para construir una ciencia incluyente, accesible y cr\u00edtica es uno de los objetivos que persigue Laura Raquel Madrigal Gonzalez, estudiante de la Licenciatura en Comunicaci\u00f3n de la Universidad Aut\u00f3noma del Estado de M\u00e9xico (UAEM\u00e9x).<\/p>\n<p>A trav\u00e9s de la Red de Divulgadores \u201cJos\u00e9 Antonio Alzate\u201d, beca otorgada por la m\u00e1xima casa de estudios mexiquense, ha logrado impulsar su proyecto \u201c\u00bfQu\u00e9 es esa cosa llamada ciencia? 3.0\u201d con el objetivo de cambiar el paradigma de la ciencia frente a la sociedad bajo un abordaje filos\u00f3fico e hist\u00f3rico.<\/p>\n<p>En \u201c\u00bfQu\u00e9 es esa cosa llamada ciencia? 3.0\u201d, Raquel Madrigal aplica diferentes estrategias de comunicaci\u00f3n, como podcast, notas informativas o publicaciones en redes sociales para conocer la percepci\u00f3n que se tiene de la ciencia y c\u00f3mo la sociedad se relaciona con ella. Apostando por enfoques poco explorados, como la ciencia literaria o art\u00edstica. Esto lo vemos reflejado en su cuenta de Instagram, @morra_atomika y en los episodios de su podcast \u201cEsa cos4 llamada cienci@\u201d<\/p>\n<p>Madrigal Gonzalez tambi\u00e9n parte de los estigmas que rodean a la ciencia,\u00a0 por ello considera necesario fomentar el inter\u00e9s en las personas mediante diversas actividades. \u201dNormalmente es catalogada como aburrida, dif\u00edcil o inaccesible si no tienes un estudio acad\u00e9mico. Debemos ense\u00f1arla como un ente formador de la cual somos parte en nuestra vida cotidiana\u201d, coment\u00f3<\/p>\n<p>La estudiante de la Facultad de Ciencias Pol\u00edticas y Sociales se ha apoyado en la red donde se fomenta la propagaci\u00f3n del conocimiento de diversas \u00e1reas, como cient\u00edficas, art\u00edsticas, literarias, teatrales, etc. \u201cMediante conferencias, talleres, entre otras actividades, estudiantes de preparatoria y licenciatura trabajamos en conjunto. No es necesario contar con una larga trayectoria, continuamente seguimos aprendiendo\u201d, comparti\u00f3.<\/p>\n<p>Su formaci\u00f3n como comunic\u00f3loga, le ha permitido entender la importancia de generar puentes. Una capacidad que ve en las y los j\u00f3venes para generar proyectos interdisciplinarios y transdisciplinarios. \u201cQuienes estudian una ciencia exacta pueden carecer de cierta informaci\u00f3n que alguien de ciencias sociales puede tener y viceversa. Si nos apoyamos, podemos lograr un mayor abordaje de distintas problem\u00e1ticas\u201d, explic\u00f3 Raquel Madrigal Gonz\u00e1lez. La divulgadora en ciencia enfatiza el acercamiento del quehacer cient\u00edfico desde la ni\u00f1ez, pues el involucrarse a temprana edad fue uno de los factores que permiti\u00f3 encontrar su vocaci\u00f3n. \u201cNuestro primer encuentro con la ciencia suele ser desde una mirada androcentrista. Creemos que s\u00f3lo los hombres tienen la capacidad intelectual. Es fundamental ense\u00f1arle a las ni\u00f1as desde el sistema educativo que no implica una cuesti\u00f3n de g\u00e9nero. Ellas tambi\u00e9n pueden participar en la ciencia desde cualquier rama\u201d.<\/p>\n","protected":false},"excerpt":{"rendered":"<p>Involucrar a j\u00f3venes para construir una ciencia incluyente, accesible y cr\u00edtica es uno de los objetivos que persigue Laura Raquel Madrigal Gonzalez, estudiante de la Licenciatura en Comunicaci\u00f3n de la Universidad Aut\u00f3noma del Estado de M\u00e9xico (UAEM\u00e9x).\u00a0<\/p>\n","protected":false},"author":3,"featured_media":548210,"comment_status":"open","ping_status":"open","sticky":false,"template":"","format":"standard","meta":{"_monsterinsights_skip_tracking":false,"_monsterinsights_sitenote_active":false,"_monsterinsights_sitenote_note":"","_monsterinsights_sitenote_category":0,"footnotes":""},"categories":[5],"tags":[90918,43675,452,67878],"class_list":["post-548093","post","type-post","status-publish","format-standard","has-post-thumbnail","hentry","category-estado-de-mexico","tag-desarrolla","tag-estado-de-mexico","tag-toluca","tag-uaemex"],"_links":{"self":[{"href":"https:\/\/www.diarioimagen.net\/index.php?rest_route=\/wp\/v2\/posts\/548093","targetHints":{"allow":["GET"]}}],"collection":[{"href":"https:\/\/www.diarioimagen.net\/index.php?rest_route=\/wp\/v2\/posts"}],"about":[{"href":"https:\/\/www.diarioimagen.net\/index.php?rest_route=\/wp\/v2\/types\/post"}],"author":[{"embeddable":true,"href":"https:\/\/www.diarioimagen.net\/index.php?rest_route=\/wp\/v2\/users\/3"}],"replies":[{"embeddable":true,"href":"https:\/\/www.diarioimagen.net\/index.php?rest_route=%2Fwp%2Fv2%2Fcomments&post=548093"}],"version-history":[{"count":0,"href":"https:\/\/www.diarioimagen.net\/index.php?rest_route=\/wp\/v2\/posts\/548093\/revisions"}],"wp:featuredmedia":[{"embeddable":true,"href":"https:\/\/www.diarioimagen.net\/index.php?rest_route=\/wp\/v2\/media\/548210"}],"wp:attachment":[{"href":"https:\/\/www.diarioimagen.net\/index.php?rest_route=%2Fwp%2Fv2%2Fmedia&parent=548093"}],"wp:term":[{"taxonomy":"category","embeddable":true,"href":"https:\/\/www.diarioimagen.net\/index.php?rest_route=%2Fwp%2Fv2%2Fcategories&post=548093"},{"taxonomy":"post_tag","embeddable":true,"href":"https:\/\/www.diarioimagen.net\/index.php?rest_route=%2Fwp%2Fv2%2Ftags&post=548093"}],"curies":[{"name":"wp","href":"https:\/\/api.w.org\/{rel}","templated":true}]}}