{"id":548105,"date":"2022-05-30T00:01:43","date_gmt":"2022-05-30T05:01:43","guid":{"rendered":"https:\/\/www.diarioimagen.net\/?p=548105"},"modified":"2022-05-30T08:05:50","modified_gmt":"2022-05-30T13:05:50","slug":"gobierno-y-suteym-van-en-una-sola-linea-por-naucalpan-afirma-el-lider-tomas-palomares","status":"publish","type":"post","link":"https:\/\/www.diarioimagen.net\/?p=548105","title":{"rendered":"Gobierno y SUTEyM van en una sola l\u00ednea por Naucalpan, afirma el l\u00edder Tom\u00e1s Palomares"},"content":{"rendered":"<p>&nbsp;<\/p>\n<ul>\n<li><strong><em>Recursos para solventar algunas prestaciones de ley<\/em><\/strong><\/li>\n<\/ul>\n<p>&nbsp;<\/p>\n<h6>Arturo Baena<\/h6>\n<p>&nbsp;<\/p>\n<div id=\"attachment_548255\" style=\"width: 470px\" class=\"wp-caption aligncenter\"><a href=\"https:\/\/www.diarioimagen.net\/?attachment_id=548255\" rel=\"attachment wp-att-548255\"><img loading=\"lazy\" decoding=\"async\" aria-describedby=\"caption-attachment-548255\" class=\"size-full wp-image-548255\" src=\"https:\/\/www.diarioimagen.net\/wp-content\/uploads\/2022\/05\/BAENA1-OK.jpg\" alt=\"\" width=\"460\" height=\"270\" \/><\/a><p id=\"caption-attachment-548255\" class=\"wp-caption-text\">En el marco del festejo del \u201cD\u00eda de las Madres suteymistas\u201d, Tom\u00e1s Palomares, dej\u00f3 en claro que \u201cla clase trabajadora seguir\u00e1 trabajando en favor de las familias de Naucalpan\u201d, al tiempo de reconocer el esfuerzo de la alcaldesa Ang\u00e9lica Moya Mar\u00edn.<\/p><\/div>\n<p>&nbsp;<\/p>\n<p><strong>Naucalpan, Estado de M\u00e9xico.\u2014<\/strong> La presidenta municipal de esta localidad, Ang\u00e9lica Moya Mar\u00edn, y el secretario general del SUTEyM, Tom\u00e1s Palomares, coincidieron en se\u00f1alar que pese a la grave crisis econ\u00f3mica en que se recibi\u00f3 la administraci\u00f3n, se van cumpliendo compromisos. Ya se cuenta con recursos econ\u00f3micos para solventar algunas prestaciones de ley que quedaron pendientes en la pasada gesti\u00f3n morenista. En el marco del festejo del \u201cD\u00eda de las Madres suteymistas\u201d, desarrollado en el Parque Naucalli, Tom\u00e1s Palomares, dej\u00f3 en claro que \u201cla clase trabajadora seguir\u00e1 trabajando en favor de las familias de este municipio\u201d al tiempo de reconocer el esfuerzo de la alcaldesa Moya Mar\u00edn en cumplirle a la que llam\u00f3 la fortaleza del municipio a quienes dijo, son y ser\u00e1n una prioridad.<\/p>\n<p>En ese sentido, el dirigente sindical, asegur\u00f3 que en ning\u00fan momento se bajar\u00e1 la guardia para devolver a Naucalpan, el brillo a la joya de la corona.<\/p>\n<p>\u201cA\u00fan son tiempos dif\u00edciles, tanto sanitarios y econ\u00f3micos, pero hemos constatado que poco a poco, se le est\u00e1 cumpliendo a aquellos, como dice la presidenta municipal Moya Mar\u00edn, somos y seremos el cimiento del actual gobierno municipal. Vamos juntos a sacar adelante las necesidades m\u00e1s apremiantes de las y los naucalpenses\u201d.<\/p>\n<p>Acompa\u00f1ado de diputados, funcionarios, s\u00edndicos y regidores del municipio, Palomares Parra, destac\u00f3 que \u201clos suteymistas, seguiremos en una sola l\u00ednea y \u00e9sta, es la de trabajar de sol a sol y d\u00eda a d\u00eda, para que se regrese Naucalpan a los primeros lugares no s\u00f3lo a nivel nacional, estatal, sino a Am\u00e9rica Latina, como lo estaba en otros tiempos y sin duda alguna que lo vamos a lograr\u201d, dijo.<\/p>\n<p>Ante cientos de madres suteymistas, la presidenta municipal y el l\u00edder sindical, se comprometieron a trabajar en conjunto para resolver el desastre en qu\u00e9 a\u00fan se encuentra el municipio.<\/p>\n<p>\u201cLos trabajadores y el gobierno municipal, estaremos en una sola l\u00ednea, \u00e9sta es y ser\u00e1 seguir cumpliendo a los naucalpenses\u201d. concluy\u00f3.<\/p>\n","protected":false},"excerpt":{"rendered":"<p>La presidenta municipal de esta localidad, Ang\u00e9lica Moya Mar\u00edn, y el secretario general del SUTEyM, Tom\u00e1s Palomares, coincidieron en se\u00f1alar que pese a la grave crisis econ\u00f3mica en que se recibi\u00f3 la administraci\u00f3n, se van cumpliendo compromisos.<\/p>\n","protected":false},"author":3,"featured_media":548255,"comment_status":"open","ping_status":"open","sticky":false,"template":"","format":"standard","meta":{"_monsterinsights_skip_tracking":false,"_monsterinsights_sitenote_active":false,"_monsterinsights_sitenote_note":"","_monsterinsights_sitenote_category":0,"footnotes":""},"categories":[5],"tags":[43675,970,82262],"class_list":["post-548105","post","type-post","status-publish","format-standard","has-post-thumbnail","hentry","category-estado-de-mexico","tag-estado-de-mexico","tag-naucalpan","tag-tomas-palomares"],"_links":{"self":[{"href":"https:\/\/www.diarioimagen.net\/index.php?rest_route=\/wp\/v2\/posts\/548105","targetHints":{"allow":["GET"]}}],"collection":[{"href":"https:\/\/www.diarioimagen.net\/index.php?rest_route=\/wp\/v2\/posts"}],"about":[{"href":"https:\/\/www.diarioimagen.net\/index.php?rest_route=\/wp\/v2\/types\/post"}],"author":[{"embeddable":true,"href":"https:\/\/www.diarioimagen.net\/index.php?rest_route=\/wp\/v2\/users\/3"}],"replies":[{"embeddable":true,"href":"https:\/\/www.diarioimagen.net\/index.php?rest_route=%2Fwp%2Fv2%2Fcomments&post=548105"}],"version-history":[{"count":0,"href":"https:\/\/www.diarioimagen.net\/index.php?rest_route=\/wp\/v2\/posts\/548105\/revisions"}],"wp:featuredmedia":[{"embeddable":true,"href":"https:\/\/www.diarioimagen.net\/index.php?rest_route=\/wp\/v2\/media\/548255"}],"wp:attachment":[{"href":"https:\/\/www.diarioimagen.net\/index.php?rest_route=%2Fwp%2Fv2%2Fmedia&parent=548105"}],"wp:term":[{"taxonomy":"category","embeddable":true,"href":"https:\/\/www.diarioimagen.net\/index.php?rest_route=%2Fwp%2Fv2%2Fcategories&post=548105"},{"taxonomy":"post_tag","embeddable":true,"href":"https:\/\/www.diarioimagen.net\/index.php?rest_route=%2Fwp%2Fv2%2Ftags&post=548105"}],"curies":[{"name":"wp","href":"https:\/\/api.w.org\/{rel}","templated":true}]}}