{"id":548107,"date":"2022-05-30T00:02:07","date_gmt":"2022-05-30T05:02:07","guid":{"rendered":"https:\/\/www.diarioimagen.net\/?p=548107"},"modified":"2022-05-30T08:00:55","modified_gmt":"2022-05-30T13:00:55","slug":"aun-no-se-informa-sobre-las-denuncias-contra-ex-alcaldes-morenistas-david-parra","status":"publish","type":"post","link":"https:\/\/www.diarioimagen.net\/?p=548107","title":{"rendered":"A\u00fan no se informa sobre las denuncias contra ex alcaldes morenistas: David Parra"},"content":{"rendered":"<p>&nbsp;<\/p>\n<ul>\n<li><strong><em>Por parte del \u00d3rgano Superior de Fiscalizaci\u00f3n<\/em><\/strong><\/li>\n<\/ul>\n<p>&nbsp;<\/p>\n<h6>Arturo Baena<\/h6>\n<p>&nbsp;<\/p>\n<div id=\"attachment_548250\" style=\"width: 470px\" class=\"wp-caption aligncenter\"><a href=\"https:\/\/www.diarioimagen.net\/?attachment_id=548250\" rel=\"attachment wp-att-548250\"><img loading=\"lazy\" decoding=\"async\" aria-describedby=\"caption-attachment-548250\" class=\"size-full wp-image-548250\" src=\"https:\/\/www.diarioimagen.net\/wp-content\/uploads\/2022\/05\/BANEA2.jpg\" alt=\"\" width=\"460\" height=\"270\" \/><\/a><p id=\"caption-attachment-548250\" class=\"wp-caption-text\">David Parra lament\u00f3 que la Auditora Superior del \u00d3rgano Superior de Fiscalizaci\u00f3n del Estado de M\u00e9xico a\u00fan no haya dado a conocer al Congreso estatal sobre denuncias contra ex alcaldes morenistas.<\/p><\/div>\n<p>&nbsp;<\/p>\n<p><strong>Naucalpan, Estado de M\u00e9xico.\u2014<\/strong> El diputado local David Parra S\u00e1nchez lament\u00f3 que, hasta el momento, Miroslava Carrillo Mart\u00ednez, Auditora Superior del \u00d3rgano Superior de Fiscalizaci\u00f3n del Estado de M\u00e9xico (OSFEM), no ha dado a conocer al Congreso estatal el estado actual de denuncias contra administraciones morenista.<\/p>\n<p>\u201cMiroslava Carrillo tiene que aclarar esas cosas, ya que por eso le pagan y no est\u00e1 bien que se escuden en otras cosas como el partidarismo, por eso esos puestos no pueden ser de un partido sino que tiene que ser de gente que provenga de la sociedad civil, gente acreditada ya que de lo contrario entra el contubernio como sucede ahorita en Naucalpan que a cinco meses de que est\u00e1n las denuncias ah\u00ed y la se\u00f1ora Carrillo ni siquiera nos ha dado a conocer la situaci\u00f3n que guardan las mismas, hay tortuguismo en esa dependencia, \u00a0 estableci\u00f3 el legislador pri\u00edsta.<\/p>\n<p>Cuestionado en torno a la posibilidad de que Patricia Dur\u00e1n Reveles pueda llegar a prisi\u00f3n dados los desfalcos que hasta el momento no se han esclarecido, Parra S\u00e1nchez indic\u00f3 que \u201cpor todos los agravantes que hay, por supuesto que tiene esa carga, que demuestre lo contrario, pero aqu\u00ed recientemente hubo un movimiento de personas que firmaron n\u00f3mina a quienes les prometi\u00f3 que les iba a pagar los diez meses que les quedaron a deber y todas las prestaciones y otros de cinco meses, entonces, todo ese dinero en d\u00f3nde queda.<\/p>\n<p>M\u00e1s adelante, expres\u00f3 que como diputados en su fracci\u00f3n, \u201cestamos en el cauce jur\u00eddico adecuado, queremos que le den seguimiento y que las autoridades intervengan ya que juicio pol\u00edtico no procede, (Patricia Dur\u00e1n) no es nadie ahorita\u201d.<\/p>\n<p>En el marco de la celebraci\u00f3n del D\u00eda de las Madres organizado por el Sindicato \u00danico de Trabajadores del Estado y sus Municipios (SUTEyM) secci\u00f3n Naucalpan, en donde la presidenta municipal Ang\u00e9lica Moya Mar\u00edn hizo referencia al adeudo que hered\u00f3 de la administraci\u00f3n pasada por tres mil 500 millones de pesos, el dirigente Tom\u00e1s Palomares reiter\u00f3 su confianza en que la actual administraci\u00f3n regularice los adeudos que el gobierno morenista dej\u00f3 en los pagos de algunas prestaciones a los trabajadores de base.<\/p>\n<p>\u201cTenemos que ser cuidadosos con el manejo de los n\u00fameros porque tampoco podemos generarle al trabajador una expectativa de una soluci\u00f3n inmediata ya que esto va a requerir tiempo\u201d porque \u201cel municipio se encuentra herido financieramente, se encontr\u00f3 incluso en bur\u00f3 de cr\u00e9dito sin la posibilidad de poder financiarse\u201d, refiri\u00f3 Palomares Parra.<\/p>\n<p>Finalmente explic\u00f3 que el sindicato tiene interpuestas 27 demandas administrativas y una penal en contra del gobierno de Dur\u00e1n Reveles a la vez que inform\u00f3 que, en el caso de la denuncia penal, \u201cla ex presidenta municipal ya compareci\u00f3 y estamos en espera de que el resto de los funcionario involucrados\u201d hagan lo propio.<\/p>\n","protected":false},"excerpt":{"rendered":"<p>El diputado local David Parra S\u00e1nchez lament\u00f3 que, hasta el momento, Miroslava Carrillo Mart\u00ednez, Auditora Superior del \u00d3rgano Superior de Fiscalizaci\u00f3n del Estado de M\u00e9xico (OSFEM), no ha dado a conocer al Congreso estatal el estado actual de denuncias contra administraciones morenista.<\/p>\n","protected":false},"author":3,"featured_media":548250,"comment_status":"open","ping_status":"open","sticky":false,"template":"","format":"standard","meta":{"_monsterinsights_skip_tracking":false,"_monsterinsights_sitenote_active":false,"_monsterinsights_sitenote_note":"","_monsterinsights_sitenote_category":0,"footnotes":""},"categories":[5],"tags":[43675,970,84891],"class_list":["post-548107","post","type-post","status-publish","format-standard","has-post-thumbnail","hentry","category-estado-de-mexico","tag-estado-de-mexico","tag-naucalpan","tag-osfem"],"_links":{"self":[{"href":"https:\/\/www.diarioimagen.net\/index.php?rest_route=\/wp\/v2\/posts\/548107","targetHints":{"allow":["GET"]}}],"collection":[{"href":"https:\/\/www.diarioimagen.net\/index.php?rest_route=\/wp\/v2\/posts"}],"about":[{"href":"https:\/\/www.diarioimagen.net\/index.php?rest_route=\/wp\/v2\/types\/post"}],"author":[{"embeddable":true,"href":"https:\/\/www.diarioimagen.net\/index.php?rest_route=\/wp\/v2\/users\/3"}],"replies":[{"embeddable":true,"href":"https:\/\/www.diarioimagen.net\/index.php?rest_route=%2Fwp%2Fv2%2Fcomments&post=548107"}],"version-history":[{"count":0,"href":"https:\/\/www.diarioimagen.net\/index.php?rest_route=\/wp\/v2\/posts\/548107\/revisions"}],"wp:featuredmedia":[{"embeddable":true,"href":"https:\/\/www.diarioimagen.net\/index.php?rest_route=\/wp\/v2\/media\/548250"}],"wp:attachment":[{"href":"https:\/\/www.diarioimagen.net\/index.php?rest_route=%2Fwp%2Fv2%2Fmedia&parent=548107"}],"wp:term":[{"taxonomy":"category","embeddable":true,"href":"https:\/\/www.diarioimagen.net\/index.php?rest_route=%2Fwp%2Fv2%2Fcategories&post=548107"},{"taxonomy":"post_tag","embeddable":true,"href":"https:\/\/www.diarioimagen.net\/index.php?rest_route=%2Fwp%2Fv2%2Ftags&post=548107"}],"curies":[{"name":"wp","href":"https:\/\/api.w.org\/{rel}","templated":true}]}}