{"id":548111,"date":"2022-05-30T00:04:59","date_gmt":"2022-05-30T05:04:59","guid":{"rendered":"https:\/\/www.diarioimagen.net\/?p=548111"},"modified":"2022-05-30T08:03:26","modified_gmt":"2022-05-30T13:03:26","slug":"beatriz-gomez-nueva-titular-de-empoderamiento-de-501","status":"publish","type":"post","link":"https:\/\/www.diarioimagen.net\/?p=548111","title":{"rendered":"Beatriz G\u00f3mez, nueva titular de Empoderamiento, de \u201c50+1\u201d"},"content":{"rendered":"<p>&nbsp;<\/p>\n<p><a href=\"https:\/\/www.diarioimagen.net\/?attachment_id=548252\" rel=\"attachment wp-att-548252\"><img loading=\"lazy\" decoding=\"async\" class=\"aligncenter size-full wp-image-548252\" src=\"https:\/\/www.diarioimagen.net\/wp-content\/uploads\/2022\/05\/BAENA4.jpg\" alt=\"\" width=\"460\" height=\"270\" \/><\/a><\/p>\n<p>&nbsp;<\/p>\n<p><strong>Naucalpan, Estado de M\u00e9xico.\u2014 <\/strong>Actores pol\u00edticos, empresariales, legisladores y sociedad en general, aplaudieron y reconocieron el nombramiento de Beatriz G\u00f3mez, ex dirigente de la Asociaci\u00f3n de Colonos de Ciudad Sat\u00e9lite, como titular de la secretaria del Empoderamiento del colectivo \u201c50+1\u201d, que vendr\u00e1 a impulsar y ayudar a las mujeres mexiquenses.<\/p>\n<p>Durante una reuni\u00f3n celebrada en este municipio, Beatriz G\u00f3mez, se comprometi\u00f3 a seguir luchando por el empoderamiento de las mujeres y de sus familias. \u201cNo daremos marcha atr\u00e1s en esta encomienda\u201d, asegur\u00f3.<\/p>\n","protected":false},"excerpt":{"rendered":"<p>Actores pol\u00edticos, empresariales, legisladores y sociedad en general, aplaudieron y reconocieron el nombramiento de Beatriz G\u00f3mez, ex dirigente de la Asociaci\u00f3n de Colonos de Ciudad Sat\u00e9lite, como titular de la secretaria del Empoderamiento del colectivo \u201c50+1\u201d, que vendr\u00e1 a impulsar y ayudar a las mujeres mexiquenses.<\/p>\n","protected":false},"author":3,"featured_media":548252,"comment_status":"open","ping_status":"open","sticky":false,"template":"","format":"standard","meta":{"_monsterinsights_skip_tracking":false,"_monsterinsights_sitenote_active":false,"_monsterinsights_sitenote_note":"","_monsterinsights_sitenote_category":0,"footnotes":""},"categories":[5],"tags":[95587,43675,970],"class_list":["post-548111","post","type-post","status-publish","format-standard","has-post-thumbnail","hentry","category-estado-de-mexico","tag-95587","tag-estado-de-mexico","tag-naucalpan"],"_links":{"self":[{"href":"https:\/\/www.diarioimagen.net\/index.php?rest_route=\/wp\/v2\/posts\/548111","targetHints":{"allow":["GET"]}}],"collection":[{"href":"https:\/\/www.diarioimagen.net\/index.php?rest_route=\/wp\/v2\/posts"}],"about":[{"href":"https:\/\/www.diarioimagen.net\/index.php?rest_route=\/wp\/v2\/types\/post"}],"author":[{"embeddable":true,"href":"https:\/\/www.diarioimagen.net\/index.php?rest_route=\/wp\/v2\/users\/3"}],"replies":[{"embeddable":true,"href":"https:\/\/www.diarioimagen.net\/index.php?rest_route=%2Fwp%2Fv2%2Fcomments&post=548111"}],"version-history":[{"count":0,"href":"https:\/\/www.diarioimagen.net\/index.php?rest_route=\/wp\/v2\/posts\/548111\/revisions"}],"wp:featuredmedia":[{"embeddable":true,"href":"https:\/\/www.diarioimagen.net\/index.php?rest_route=\/wp\/v2\/media\/548252"}],"wp:attachment":[{"href":"https:\/\/www.diarioimagen.net\/index.php?rest_route=%2Fwp%2Fv2%2Fmedia&parent=548111"}],"wp:term":[{"taxonomy":"category","embeddable":true,"href":"https:\/\/www.diarioimagen.net\/index.php?rest_route=%2Fwp%2Fv2%2Fcategories&post=548111"},{"taxonomy":"post_tag","embeddable":true,"href":"https:\/\/www.diarioimagen.net\/index.php?rest_route=%2Fwp%2Fv2%2Ftags&post=548111"}],"curies":[{"name":"wp","href":"https:\/\/api.w.org\/{rel}","templated":true}]}}