{"id":548165,"date":"2022-05-30T00:03:34","date_gmt":"2022-05-30T05:03:34","guid":{"rendered":"https:\/\/www.diarioimagen.net\/?p=548165"},"modified":"2022-05-30T05:27:25","modified_gmt":"2022-05-30T10:27:25","slug":"no-pasa-nada-3","status":"publish","type":"post","link":"https:\/\/www.diarioimagen.net\/?p=548165","title":{"rendered":"\u201cNo pasa nada\u201d"},"content":{"rendered":"<h2>Espacio Electoral<\/h2>\n<h5>Eleazar Flores<\/h5>\n<p><strong>\u00a0<\/strong><\/p>\n<p><strong>RAE, MUY PRECISA-.<\/strong> La Real Academia Espa\u00f1ola de la Lengua es muy precisa en sus definiciones pues \u00e9stas se enriquecen con opiniones de las decenas de Academias de la Lengua de todos los pa\u00edses hispanoparlantes, como la prestigiosa Academia Mexicana de la Lengua, integrada por mexicanos excepcionales.<\/p>\n<p>Habr\u00e1 oportunidad de escribir acerca de su antig\u00fcedad multi centenaria, pues hoy el tema es otro.<\/p>\n<p>Aclarada la solidez de dichas instituciones vayamos a la entrega de hoy: cretino, sustantivo y adjetivo.<\/p>\n<p>\u201cSon unos cretinos\u201d, dijo el presidente Andr\u00e9s Manuel L\u00f3pez Obrador en su gira por Sinaloa, refiri\u00e9ndose a quienes lo critican por mantener su \u201cexitoso\u201d programa \u201cabrazos no balazos\u201d, no obstante que la cifra de vidas perdidas a lo largo y ancho del pa\u00eds, por motivos que van desde feminicidios, hoy m\u00e1s que nunca, asaltos, masacres y dem\u00e1s, aumentan.<\/p>\n<p>Pues resulta que el primer sin\u00f3nimo, (en una sola palabra) del calificativo cretino es necio y recuerde muy bien que ha sido el propio mandatario quien ha presumido: \u201cnosotros somos necios\u201d, refiri\u00e9ndose a mantener sus pol\u00edticas en tal o cual acci\u00f3n de gobierno que aun cuando usted cree largo, apenas lleva cuatro a\u00f1os seis meses justamente.<\/p>\n<p>Numeralia y Mitovski precisar\u00e1n el dato Retornado al adjetivo necio, primer sin\u00f3nimo de cretino, se deduce quien puede ser el primer cretino mayor del pa\u00eds. Ahora que podr\u00eda alegarse que la connotaci\u00f3n presidencial fue diferente pero ah\u00ed est\u00e1 la definici\u00f3n de la Real Academia de la Lengua Espa\u00f1ola.<\/p>\n<p>Y mire que hay otros sin\u00f3nimos de cretino en dos o m\u00e1s palabras como: est\u00fapido, que alarga su discurso, idiota, falto de talento. Como ver\u00e1n, hay para escoger, o como dir\u00eda Don Teofilito, \u201cpara dar y prestar\u201d, seleccione.<\/p>\n<p>Por cierto, los ant\u00f3nimos de cretino, necio y dem\u00e1s son: astuto, sabio sagaz, deduzca las cualidades de ya sabe qui\u00e9n.<\/p>\n<p><strong>\u201cNO PASA NADA\u201d-.<\/strong> Fue en Sinaloa, cerca del rancho La Tuna, domicilio de la mam\u00e1 de \u201cEl Chapo\u201d, donde civiles armados detuvieron a un veh\u00edculo con reporteros que cubr\u00edan la gira presidencial, los supervisaron y dejaron seguir despu\u00e9s, a lo que el tabasque\u00f1o respondi\u00f3 con un \u201cno pas\u00f3 nada\u201d, tomando las cosas como algo normal. Cuanta extra\u00f1eza, como el adelanto que dio que en dos semanas dar\u00e1n a conocer todo lo relacionado al \u201cculiacanazo\u201d, el de las contradicciones originadas por Ovidio. \u00bfLe creer\u00e1n?<\/p>\n<p>A prop\u00f3sito de Culiac\u00e1n, el mandatario que presume puertas abiertas, se neg\u00f3 a atender al alcalde del lugar Jes\u00fas Estrada Ferreyro en dos intentos de audiencia.<\/p>\n<p>Como ver\u00e1, hay distintos raseros de atenci\u00f3n. Ojal\u00e1 a los grupos originarios de Wikerika, Jalisco, logren su audiencia tras 900 kil\u00f3metros recorridos y cinco d\u00edas de estancia en el z\u00f3calo.<\/p>\n<p><em><a href=\"mailto:elefa44@gmail.com\" target=\"_blank\" rel=\"noopener noreferrer\">elefa44@gmail.com<\/a><\/em><\/p>\n","protected":false},"excerpt":{"rendered":"<p><span style=\"color: #005497;\"><strong>Eleazar Flores<\/strong><\/span><\/p>\n","protected":false},"author":3,"featured_media":0,"comment_status":"open","ping_status":"open","sticky":false,"template":"","format":"standard","meta":{"_monsterinsights_skip_tracking":false,"_monsterinsights_sitenote_active":false,"_monsterinsights_sitenote_note":"","_monsterinsights_sitenote_category":0,"footnotes":""},"categories":[81743],"tags":[81744,81776,43674],"class_list":["post-548165","post","type-post","status-publish","format-standard","hentry","category-eleazar-flores","tag-eleazar-flores","tag-espacio-electoral","tag-opinion"],"_links":{"self":[{"href":"https:\/\/www.diarioimagen.net\/index.php?rest_route=\/wp\/v2\/posts\/548165","targetHints":{"allow":["GET"]}}],"collection":[{"href":"https:\/\/www.diarioimagen.net\/index.php?rest_route=\/wp\/v2\/posts"}],"about":[{"href":"https:\/\/www.diarioimagen.net\/index.php?rest_route=\/wp\/v2\/types\/post"}],"author":[{"embeddable":true,"href":"https:\/\/www.diarioimagen.net\/index.php?rest_route=\/wp\/v2\/users\/3"}],"replies":[{"embeddable":true,"href":"https:\/\/www.diarioimagen.net\/index.php?rest_route=%2Fwp%2Fv2%2Fcomments&post=548165"}],"version-history":[{"count":0,"href":"https:\/\/www.diarioimagen.net\/index.php?rest_route=\/wp\/v2\/posts\/548165\/revisions"}],"wp:attachment":[{"href":"https:\/\/www.diarioimagen.net\/index.php?rest_route=%2Fwp%2Fv2%2Fmedia&parent=548165"}],"wp:term":[{"taxonomy":"category","embeddable":true,"href":"https:\/\/www.diarioimagen.net\/index.php?rest_route=%2Fwp%2Fv2%2Fcategories&post=548165"},{"taxonomy":"post_tag","embeddable":true,"href":"https:\/\/www.diarioimagen.net\/index.php?rest_route=%2Fwp%2Fv2%2Ftags&post=548165"}],"curies":[{"name":"wp","href":"https:\/\/api.w.org\/{rel}","templated":true}]}}