{"id":548290,"date":"2022-05-31T00:01:51","date_gmt":"2022-05-31T05:01:51","guid":{"rendered":"https:\/\/www.diarioimagen.net\/?p=548290"},"modified":"2022-05-31T05:33:19","modified_gmt":"2022-05-31T10:33:19","slug":"ganara-morena-la-gubernatura-en-edomex-en-2023-asegura-el-diputado-isaac-montoya","status":"publish","type":"post","link":"https:\/\/www.diarioimagen.net\/?p=548290","title":{"rendered":"Ganar\u00e1 Morena la gubernatura en Edomex en 2023, asegura el diputado Isaac Montoya"},"content":{"rendered":"<p>&nbsp;<\/p>\n<ul>\n<li><strong><em>Niega divisionismo en el partido<\/em><\/strong><\/li>\n<\/ul>\n<p>&nbsp;<\/p>\n<h6>Arturo Baena<\/h6>\n<p>&nbsp;<\/p>\n<div id=\"attachment_548376\" style=\"width: 470px\" class=\"wp-caption aligncenter\"><img loading=\"lazy\" decoding=\"async\" aria-describedby=\"caption-attachment-548376\" class=\"size-full wp-image-548376\" src=\"https:\/\/www.diarioimagen.net\/wp-content\/uploads\/2022\/05\/naucalpan-18.jpg\" alt=\"\" width=\"460\" height=\"270\" \/><p id=\"caption-attachment-548376\" class=\"wp-caption-text\">El diputado Isaac Montoya M\u00e1rquez asegura que\u00a0 Morena sacar\u00e1 al PRI del poder en el Estado de M\u00e9xico, en 2023.<\/p><\/div>\n<p>&nbsp;<\/p>\n<p><strong>Naucalpan, Estado de M\u00e9xico<\/strong>.\u2014 Al contrario de lo que piensa y expresa la oposici\u00f3n, al interior de Movimiento Regeneraci\u00f3n Nacional (Morena) no hay ni habr\u00e1 divisionismo ni rupturas, al contrario, estamos m\u00e1s unidos que nunca y vamos a ganar la gubernatura del Estado de M\u00e9xico.<\/p>\n<p>As\u00ed lo expres\u00f3 el diputado Isaac Montoya M\u00e1rquez, luego de reiterar que \u201ces indudable que cada una de las compa\u00f1eras o compa\u00f1eros tienen el leg\u00edtimo derecho para encabezar la gubernatura, est\u00e1n haciendo su m\u00e9rito y ya vendr\u00e1n tiempos de definiciones, pero una cosa s\u00ed es segura, Morena sacar\u00e1 al PRI del poder en una entidad que no ha hecho nada para y por los mexiquenses\u201d.<\/p>\n<p>Montoya M\u00e1rquez destac\u00f3 que \u201cla oposici\u00f3n est\u00e1 preocupada por el avance de nuestro partido es por ello que utilizan cualquier medio para denigrar y atacar a los posibles aspirantes. Est\u00e1n equivocados, no podr\u00e1n dividir a un partido que s\u00ed sabe gobernar y cumplir a la sociedad\u201d, dijo.<\/p>\n<p>Por otra parte, el legislador mexiquense, asegur\u00f3 que \u201cel pr\u00f3ximo domingo, Morena demostrar\u00e1 que es la mejor opci\u00f3n, cuando se celebren seis elecciones en diversos Estados del pa\u00eds, despu\u00e9s vamos con todo por la entidad. mexiquense\u201d.<\/p>\n<p>En ese sentido,\u00a0Fernando Vilchis, alcalde de Ecatepec, y el senador Higinio Mart\u00ednez han anunciado que buscar\u00e1n la candidatura de Morena para la ganar la gubernatura del Estado de M\u00e9xico en 2023, obviamente, sin descartar a Delfina G\u00f3mez, actual secretaria de educaci\u00f3n del gobierno federal.<\/p>\n<p>El alcalde de Ecatepec asegur\u00f3 que, en el Estado de M\u00e9xico, donde a\u00fan gobierna el Partido Revolucionario Institucional (PRI), es tiempo de \u201cerradicar un sistema pol\u00edtico agotado e inservible, que ya no responde a las grandes necesidades que enfrentan los mexiquenses\u201d.<\/p>\n<p>Por su parte, Higinio Mart\u00ednez, ex alcalde de Texcoco, dijo que trabaja en un proyecto para, en 2023, quitar al PRI del gobierno estatal de la entidad vecina de la Ciudad de M\u00e9xico.<\/p>\n","protected":false},"excerpt":{"rendered":"<p>Al contrario de lo que piensa y expresa la oposici\u00f3n, al interior de Movimiento Regeneraci\u00f3n Nacional (Morena) no hay ni habr\u00e1 divisionismo ni rupturas, al contrario, estamos m\u00e1s unidos que nunca y vamos a ganar la gubernatura del Estado de M\u00e9xico.<\/p>\n","protected":false},"author":3,"featured_media":548376,"comment_status":"open","ping_status":"open","sticky":false,"template":"","format":"standard","meta":{"_monsterinsights_skip_tracking":false,"_monsterinsights_sitenote_active":false,"_monsterinsights_sitenote_note":"","_monsterinsights_sitenote_category":0,"footnotes":""},"categories":[5],"tags":[43675,57247,20663,970],"class_list":["post-548290","post","type-post","status-publish","format-standard","has-post-thumbnail","hentry","category-estado-de-mexico","tag-estado-de-mexico","tag-gubernatura","tag-morena","tag-naucalpan"],"_links":{"self":[{"href":"https:\/\/www.diarioimagen.net\/index.php?rest_route=\/wp\/v2\/posts\/548290","targetHints":{"allow":["GET"]}}],"collection":[{"href":"https:\/\/www.diarioimagen.net\/index.php?rest_route=\/wp\/v2\/posts"}],"about":[{"href":"https:\/\/www.diarioimagen.net\/index.php?rest_route=\/wp\/v2\/types\/post"}],"author":[{"embeddable":true,"href":"https:\/\/www.diarioimagen.net\/index.php?rest_route=\/wp\/v2\/users\/3"}],"replies":[{"embeddable":true,"href":"https:\/\/www.diarioimagen.net\/index.php?rest_route=%2Fwp%2Fv2%2Fcomments&post=548290"}],"version-history":[{"count":0,"href":"https:\/\/www.diarioimagen.net\/index.php?rest_route=\/wp\/v2\/posts\/548290\/revisions"}],"wp:featuredmedia":[{"embeddable":true,"href":"https:\/\/www.diarioimagen.net\/index.php?rest_route=\/wp\/v2\/media\/548376"}],"wp:attachment":[{"href":"https:\/\/www.diarioimagen.net\/index.php?rest_route=%2Fwp%2Fv2%2Fmedia&parent=548290"}],"wp:term":[{"taxonomy":"category","embeddable":true,"href":"https:\/\/www.diarioimagen.net\/index.php?rest_route=%2Fwp%2Fv2%2Fcategories&post=548290"},{"taxonomy":"post_tag","embeddable":true,"href":"https:\/\/www.diarioimagen.net\/index.php?rest_route=%2Fwp%2Fv2%2Ftags&post=548290"}],"curies":[{"name":"wp","href":"https:\/\/api.w.org\/{rel}","templated":true}]}}