{"id":548317,"date":"2022-05-31T00:03:28","date_gmt":"2022-05-31T05:03:28","guid":{"rendered":"https:\/\/www.diarioimagen.net\/?p=548317"},"modified":"2022-05-31T02:32:38","modified_gmt":"2022-05-31T07:32:38","slug":"comicios-en-colombia-otro-viraje","status":"publish","type":"post","link":"https:\/\/www.diarioimagen.net\/?p=548317","title":{"rendered":"Comicios en Colombia, \u00bfotro viraje?"},"content":{"rendered":"<h2>Espacio Electoral<\/h2>\n<h5>Eleazar Flores<\/h5>\n<p>&nbsp;<\/p>\n<p><strong>SEGUNDA VUELTA-.<\/strong> Los resultados de la elecci\u00f3n presidencial celebrada el domingo pasado podr\u00edan esperar en tres semanas un viraje pol\u00edtico del pa\u00eds sudamericano, de confirmarse las tendencias que apuntan a una segunda vuelta\u00a0 entre Gustavo Petro y Rodolfo Hern\u00e1ndez.<\/p>\n<p>Extra\u00f1a el silencio del locuaz gobierno mexicano ante el triunfo del centro derechista -como ha sucedido con resultado en comicios de otros pa\u00edses-, pero ya vendr\u00e1n posturas una vez que se conozcan los resultados de la segunda vuelta el inminente 19 de junio.<\/p>\n<p><strong>SITUACI\u00d3N-.<\/strong> Colombia, la tierra natal de la internacional y escultural Shakira es el tercer o cuarto pa\u00eds con mayor intercambio comercial con M\u00e9xico, tomando en cuenta el \u00e1ngulo legal de sus operaciones fincadas en el caf\u00e9; pero podr\u00eda ser la primera naci\u00f3n con intercambio comercial ilegal, si se analiza el \u00e1ngulo del narcotr\u00e1fico, negado oficialmente por ambos gobiernos, pero de evidente y cada vez m\u00e1s fuerte presencia.<\/p>\n<p>De casi 52 millones de habitantes, el pa\u00eds sudamericano acudi\u00f3 a las urnas el pasado domingo 29, con resultados aceptablemente participativos sin desconocer la existencia del consabido ausentismo, mal de casi todos los pa\u00edses americanos, del centro, sur y norte como M\u00e9xico.<\/p>\n<p>De los muchos candidatos dos fueron los que por votos alcanzados logran pasar al balotaje de la segunda vuelta, siendo el candidato centrista ellos Gustavo Petro y su compa\u00f1era a la vicepresidencia Francia M\u00e1rquez y el \u201coutsider\u201d trad\u00fazcalo como un archi multimillonario que seguramente por curiosidad se meti\u00f3 a la pol\u00edtica y el pueblo cansado por el \u201cm\u00e1s de lo mismo\u201d le dio su voto.<\/p>\n<p>Petro obtuvo 8 millones 527 mil 273 votos, equivalentes al 48 por ciento del padr\u00f3n colombiano, contra los 5 millones 953 mil 199 sufragios, equivalentes al 28.19 por ciento de los votantes, seg\u00fan datos del Registro Nacional.<\/p>\n<p>Estos datos son los que obligan a los candidatos a ir a una segunda vuelta y no obstante la ventaja de Petros, Rodolfo Hern\u00e1ndez lo podr\u00eda alcanzar y rebasar si es que quien qued\u00f3 en tercer lugar, Federico Guti\u00e9rrez cumple la promesa de pasarle sus votos el 19 de junio.<\/p>\n<p>El gobierno del actual presidente Iv\u00e1n Duque he generado m\u00e1s inconformidad en los \u00faltimos a\u00f1os pues sumados a la inseguridad hay otros \u00e1ngulos agudos que no pudo resolver esta administraci\u00f3n, principalmente la carest\u00eda de la vida que seg\u00fan los estudios \u00faltimos del mercado llegan a casi un veinte por ciento de art\u00edculos integrantes de su canasta b\u00e1sica.<\/p>\n<p>Adem\u00e1s de la \u201ccuarta transtornaci\u00f3n\u201d, los m\u00e1s interesados son lo primos del norte pues su gobierno definir\u00e1 apoyos o no al triunfador del 19 de junio y usted sabe que los d\u00f3lares valen y pesan en la econom\u00eda latinoamericana.<\/p>\n<p><em><a href=\"mailto:elefa44@gmail.com\" target=\"_blank\" rel=\"noopener noreferrer\">elefa44@gmail.com<\/a><\/em><\/p>\n","protected":false},"excerpt":{"rendered":"<p><span style=\"color: #005497;\"><strong>Eleazar Flores<\/strong><\/span><\/p>\n","protected":false},"author":3,"featured_media":0,"comment_status":"open","ping_status":"open","sticky":false,"template":"","format":"standard","meta":{"_monsterinsights_skip_tracking":false,"_monsterinsights_sitenote_active":false,"_monsterinsights_sitenote_note":"","_monsterinsights_sitenote_category":0,"footnotes":""},"categories":[81743],"tags":[81744,81776,43674],"class_list":["post-548317","post","type-post","status-publish","format-standard","hentry","category-eleazar-flores","tag-eleazar-flores","tag-espacio-electoral","tag-opinion"],"_links":{"self":[{"href":"https:\/\/www.diarioimagen.net\/index.php?rest_route=\/wp\/v2\/posts\/548317","targetHints":{"allow":["GET"]}}],"collection":[{"href":"https:\/\/www.diarioimagen.net\/index.php?rest_route=\/wp\/v2\/posts"}],"about":[{"href":"https:\/\/www.diarioimagen.net\/index.php?rest_route=\/wp\/v2\/types\/post"}],"author":[{"embeddable":true,"href":"https:\/\/www.diarioimagen.net\/index.php?rest_route=\/wp\/v2\/users\/3"}],"replies":[{"embeddable":true,"href":"https:\/\/www.diarioimagen.net\/index.php?rest_route=%2Fwp%2Fv2%2Fcomments&post=548317"}],"version-history":[{"count":0,"href":"https:\/\/www.diarioimagen.net\/index.php?rest_route=\/wp\/v2\/posts\/548317\/revisions"}],"wp:attachment":[{"href":"https:\/\/www.diarioimagen.net\/index.php?rest_route=%2Fwp%2Fv2%2Fmedia&parent=548317"}],"wp:term":[{"taxonomy":"category","embeddable":true,"href":"https:\/\/www.diarioimagen.net\/index.php?rest_route=%2Fwp%2Fv2%2Fcategories&post=548317"},{"taxonomy":"post_tag","embeddable":true,"href":"https:\/\/www.diarioimagen.net\/index.php?rest_route=%2Fwp%2Fv2%2Ftags&post=548317"}],"curies":[{"name":"wp","href":"https:\/\/api.w.org\/{rel}","templated":true}]}}