{"id":548395,"date":"2022-06-01T00:01:08","date_gmt":"2022-06-01T05:01:08","guid":{"rendered":"https:\/\/www.diarioimagen.net\/?p=548395"},"modified":"2022-06-01T22:29:08","modified_gmt":"2022-06-02T03:29:08","slug":"analiza-conatrib-creacion-de-fondo-de-fortalecimiento-a-la-justicia","status":"publish","type":"post","link":"https:\/\/www.diarioimagen.net\/?p=548395","title":{"rendered":"Analiza Conatrib creaci\u00f3n de fondo de fortalecimiento a la justicia"},"content":{"rendered":"<p>&nbsp;<\/p>\n<ul>\n<li><strong><em>As\u00ed lo inform\u00f3 el presidente de la organizaci\u00f3n, magistrado Rafael Guerra \u00c1lvarez, ante la 69\u00ba Asamblea Anual de la Federaci\u00f3n Latinoamericana de Magistrados y la Reuni\u00f3n del Grupo Iberoamericano de la Uni\u00f3n Internacional de Magistrados<\/em><\/strong><\/li>\n<\/ul>\n<p>&nbsp;<\/p>\n<div id=\"attachment_548481\" style=\"width: 470px\" class=\"wp-caption aligncenter\"><img loading=\"lazy\" decoding=\"async\" aria-describedby=\"caption-attachment-548481\" class=\"size-full wp-image-548481\" src=\"https:\/\/www.diarioimagen.net\/wp-content\/uploads\/2022\/06\/tribunal.jpg\" alt=\"\" width=\"460\" height=\"270\" \/><p id=\"caption-attachment-548481\" class=\"wp-caption-text\">Ello con el fin, explic\u00f3 el magistrado Rafael Guerra \u00c1lvarez en la reuni\u00f3n efectuada en Sao Paulo, Brasil, de contar con mayores ingresos y as\u00ed cumplir con la implementaci\u00f3n de reformas cuya aplicaci\u00f3n corresponde a la jurisdicci\u00f3n local.<\/p><\/div>\n<p>&nbsp;<\/p>\n<p>La Comisi\u00f3n Nacional de Tribunales Superiores de Justicia de los Estados Unidos Mexicanos (Conatrib) analiza actualmente la creaci\u00f3n de un fondo de fortalecimiento a la justicia, el cual permita a los poderes judiciales locales contar con mayores ingresos, y as\u00ed cumplir con la implementaci\u00f3n de diversas reformas cuya aplicaci\u00f3n corresponde a su competencia, inform\u00f3 el presidente de esa organizaci\u00f3n, magistrado Rafael Guerra \u00c1lvarez.<\/p>\n<p>Al participar en la 69\u00ba Asamblea Anual de la Federaci\u00f3n Latinoamericana de Magistrados y la Reuni\u00f3n del Grupo Iberoamericano de la Uni\u00f3n Internacional de Magistrados, en Sao Paulo, Brasil, inform\u00f3 que en los ejercicios fiscales 2020-2021 la media de la asignaci\u00f3n presupuestal para los poderes judiciales locales fue del 1.83 por ciento del presupuesto de egresos de las entidades federativas, apenas un incremento de 0.1 por ciento con relaci\u00f3n a 2019.<\/p>\n<p>A nombre de la jurisdicci\u00f3n local de M\u00e9xico, enfatiz\u00f3 que, a diferencia de lo que se\u00f1ala la Comisi\u00f3n Interamericana de Derechos Humanos y la Relator\u00eda Especial sobre la Independencia de los Magistrados y lo Abogados, los poderes judiciales locales no cuentan con un porcentaje m\u00ednimo del presupuesto, que les permita incrementar el n\u00famero de juzgados, mejorar en la calidad de atenci\u00f3n y ampliar el acceso a la justicia a los ciudadanos<\/p>\n<p>\u201cLos poderes judiciales mantienen una limitada estructura, particularmente en \u00f3rganos jurisdiccionales, ya que en el pa\u00eds hay 2.2 jueces por cada 100, 000 habitantes, equivalente a la mitad del promedio que hay en el continente americano, y ocho veces menos que lo registrado a nivel mundial. Baste mencionar que mientras M\u00e9xico cuenta con 2.2 jueces, Eslovaquia, considerado como el pa\u00eds con menor impunidad, cuenta con 42 jueces por cada 100, 000 habitantes\u201d, compar\u00f3.<\/p>\n<p>No obstante, Guerra \u00c1lvarez destac\u00f3 el caso de la implementaci\u00f3n del sistema de justicia laboral, que en 2019 se vislumbraba como un escenario imposible de lograr, frente a elementos adversos como la pandemia, los recursos presupuestales, los recursos humanos y la infraestructura.<\/p>\n<p>Hoy por hoy, afirm\u00f3, es para m\u00ed una satisfacci\u00f3n hacerles del conocimiento que, de los 32 tribunales superiores de justicia de las distintas entidades federativas, ya se cuenta con 17 que han implementado la reforma laboral, y 15 m\u00e1s est\u00e1n en proceso, gracias al esfuerzo y compromiso de los integrantes de la Conatrib y al acompa\u00f1amiento y apoyo financiero del gobierno federal.<\/p>\n<p>El tambi\u00e9n presidente del Poder Judicial de la Ciudad de M\u00e9xico mencion\u00f3 la implementaci\u00f3n de reformas que le corresponde aplicar a la jurisdicci\u00f3n local, y cit\u00f3, entre otras, las relativas a derechos humanos, justicia oral mercantil, sistema de justicia penal, sistema integral de justicia para adolescentes, de ejecuci\u00f3n penal, y las tendentes a dar protecci\u00f3n a las mujeres v\u00edctimas de violencia.<\/p>\n<p>Ante sus pares latinoamericanos reunidos en la sede de la Asociaci\u00f3n Paulista de Magistrados, Guerra \u00c1lvarez destac\u00f3 los esfuerzos de los integrantes de la Conatrib para mantener el trabajo jurisdiccional durante la pandemia, y subray\u00f3 la creaci\u00f3n de nuevos sistemas para la atenci\u00f3n de cargas de trabajo, a fin de desahogar en l\u00ednea la operaci\u00f3n en \u00e1reas estrat\u00e9gicas, y evitar as\u00ed rezagos, as\u00ed como contagios y decesos.<\/p>\n<p>Al dar a conocer los puntos relevantes de un diagn\u00f3stico elaborado por la Conatrib, que permita a la organizaci\u00f3n estar preparada para enfrentar eventuales problem\u00e1ticas como la que represent\u00f3 la pandemia, plante\u00f3 acelerar la justicia digital, incrementar los servicios y tr\u00e1mites electr\u00f3nicos y fomentar el uso de medios tecnol\u00f3gicos al alcance.<\/p>\n<p>El magistrado record\u00f3 que la Conatrib se compone de 32 poderes judiciales locales, y que tiene como fin comprometerse con la renovaci\u00f3n, modernizaci\u00f3n, innovaci\u00f3n y cooperaci\u00f3n, tendentes a la fortaleza de la administraci\u00f3n de justicia.<\/p>\n<p>Los trabajos, que encabeza el presidente de la Federaci\u00f3n Latinoamericana de Magistrados, Walter Barone, se desarrollan este lunes y martes, y en \u00e9stos de analizar la situaci\u00f3n de los poderes judiciales de los pa\u00edses miembros de la organizaci\u00f3n.<\/p>\n","protected":false},"excerpt":{"rendered":"<p>La Comisi\u00f3n Nacional de Tribunales Superiores de Justicia de los Estados Unidos Mexicanos (Conatrib) analiza actualmente la creaci\u00f3n de un fondo de fortalecimiento a la justicia, el cual permita a los poderes judiciales locales contar con mayores ingresos, y as\u00ed cumplir con la implementaci\u00f3n de diversas reformas cuya aplicaci\u00f3n corresponde a su competencia, inform\u00f3 el presidente de esa organizaci\u00f3n, magistrado Rafael Guerra \u00c1lvarez.<\/p>\n","protected":false},"author":3,"featured_media":548481,"comment_status":"open","ping_status":"open","sticky":false,"template":"","format":"standard","meta":{"_monsterinsights_skip_tracking":false,"_monsterinsights_sitenote_active":false,"_monsterinsights_sitenote_note":"","_monsterinsights_sitenote_category":0,"footnotes":""},"categories":[6],"tags":[4103,30623,66123],"class_list":["post-548395","post","type-post","status-publish","format-standard","has-post-thumbnail","hentry","category-cd-de-mexico","tag-conatrib","tag-fondo","tag-fortalecimiento"],"_links":{"self":[{"href":"https:\/\/www.diarioimagen.net\/index.php?rest_route=\/wp\/v2\/posts\/548395","targetHints":{"allow":["GET"]}}],"collection":[{"href":"https:\/\/www.diarioimagen.net\/index.php?rest_route=\/wp\/v2\/posts"}],"about":[{"href":"https:\/\/www.diarioimagen.net\/index.php?rest_route=\/wp\/v2\/types\/post"}],"author":[{"embeddable":true,"href":"https:\/\/www.diarioimagen.net\/index.php?rest_route=\/wp\/v2\/users\/3"}],"replies":[{"embeddable":true,"href":"https:\/\/www.diarioimagen.net\/index.php?rest_route=%2Fwp%2Fv2%2Fcomments&post=548395"}],"version-history":[{"count":0,"href":"https:\/\/www.diarioimagen.net\/index.php?rest_route=\/wp\/v2\/posts\/548395\/revisions"}],"wp:featuredmedia":[{"embeddable":true,"href":"https:\/\/www.diarioimagen.net\/index.php?rest_route=\/wp\/v2\/media\/548481"}],"wp:attachment":[{"href":"https:\/\/www.diarioimagen.net\/index.php?rest_route=%2Fwp%2Fv2%2Fmedia&parent=548395"}],"wp:term":[{"taxonomy":"category","embeddable":true,"href":"https:\/\/www.diarioimagen.net\/index.php?rest_route=%2Fwp%2Fv2%2Fcategories&post=548395"},{"taxonomy":"post_tag","embeddable":true,"href":"https:\/\/www.diarioimagen.net\/index.php?rest_route=%2Fwp%2Fv2%2Ftags&post=548395"}],"curies":[{"name":"wp","href":"https:\/\/api.w.org\/{rel}","templated":true}]}}