{"id":548401,"date":"2022-06-01T00:05:41","date_gmt":"2022-06-01T05:05:41","guid":{"rendered":"https:\/\/www.diarioimagen.net\/?p=548401"},"modified":"2022-06-01T22:29:25","modified_gmt":"2022-06-02T03:29:25","slug":"emprendedurismo-oportunidad-de-desarrollo-para-las-mujeres","status":"publish","type":"post","link":"https:\/\/www.diarioimagen.net\/?p=548401","title":{"rendered":"Emprendedurismo, oportunidad de desarrollo para las mujeres"},"content":{"rendered":"<p>&nbsp;<\/p>\n<div id=\"attachment_548487\" style=\"width: 470px\" class=\"wp-caption aligncenter\"><img loading=\"lazy\" decoding=\"async\" aria-describedby=\"caption-attachment-548487\" class=\"size-full wp-image-548487\" src=\"https:\/\/www.diarioimagen.net\/wp-content\/uploads\/2022\/06\/uaem-2.jpg\" alt=\"\" width=\"460\" height=\"270\" \/><p id=\"caption-attachment-548487\" class=\"wp-caption-text\">La Jefa del Departamento de Evaluaci\u00f3n de Proyectos del Instituto Mexiquense del Emprendedor, Alejandra Margarita Porcayo Robles, felicit\u00f3 a las y los\u00a0 emprendedores universitarios que son impulsados por las autoridades de la M\u00e1xima Casa de Estudios mexiquense, ya que el emprender no es un proceso f\u00e1cil.<\/p><\/div>\n<p>&nbsp;<\/p>\n<p><strong>Toluca, Estado de M\u00e9xico.\u2014 <\/strong>Emprender no tiene que ser una actividad \u00fanicamente individual, puedes cambiar el mundo de alguien m\u00e1s,\u00a0 enfatiz\u00f3\u00a0 la egresada auriverde,\u00a0 Carolina Maier Contreras durante el Panel de G\u00e9nero: Mujeres Emprendedoras en la Facultad de Econom\u00eda de la Universidad Aut\u00f3noma del Estado de M\u00e9xico (UAEM\u00e9x).<\/p>\n<p>En representaci\u00f3n del rector, Carlos Eduardo Barrera D\u00edaz, la directora General de Comunicaci\u00f3n Universitaria, Ginarely Valencia Alc\u00e1ntara, mencion\u00f3\u00a0 que la administraci\u00f3n universitaria 2021-2025 tiene como pilares fundamentales la integridad y la inclusi\u00f3n, es por ello que dentro de estos espacios de di\u00e1logo se busca reflexionar sobre el papel de las mujeres universitarias en diferentes \u00e1mbitos sociales, econ\u00f3micos y pol\u00edticos en donde han ganado espacios.<\/p>\n<p>Abund\u00f3 que la pandemia de COVID-19 propici\u00f3 un fuerte impacto a la actividad econ\u00f3mica, por ello es importante voltear a proyectos emprendedores impulsados por mujeres ya que representan el 36.6 por ciento en la econom\u00eda nacional.<\/p>\n<p>Por su parte, en representaci\u00f3n de la Directora General del Instituto Mexiquense del Emprendedor, la Jefa del Departamento de Evaluaci\u00f3n de Proyectos del Instituto Mexiquense del Emprendedor, Alejandra Margarita Porcayo Robles, felicit\u00f3 a las y los\u00a0 emprendedores universitarios que han sido impulsados por las autoridades de la M\u00e1xima Casa de Estudios mexiquense, ya que el emprender no es un proceso f\u00e1cil.<\/p>\n<p>Abund\u00f3 que para acompa\u00f1ar a las y los emprendedores, el Instituto Mexiquense del Emprendedor busca su profesionalizaci\u00f3n por medio de capacitaciones, mecanismos de financiamiento y el fomento a la cultura emprendedora para hacer crecer su marca y acompa\u00f1arlos en el camino.<\/p>\n<p>Durante su intervenci\u00f3n, Carolina Maier coincidi\u00f3 en que los emprendedores crean a trav\u00e9s de una necesidad propia, en este sentido, naci\u00f3 el Bazar Universitario \u201cEmprende Descubre\u201d, ya que dentro de su experiencia como emprendedora encontr\u00f3 que no exist\u00eda un espacio seguro donde los emprendimientos j\u00f3venes comenzar\u00e1n a crecer desde cero.<\/p>\n<p>En este sentido, Maier Contreras explic\u00f3 que dentro de este proyecto se pueden encontrar productos y servicios creados por universitarios, permiti\u00e9ndoles desarrollarse en\u00a0 un espacio seguro para las y los j\u00f3venes emprendedores, apoy\u00e1ndolos en crecer su marca por medio de\u00a0 talleres, el registro de marca y lugares de exposici\u00f3n dentro de la universidad.<\/p>\n<p>Finalmente, invit\u00f3 a la comunidad universitaria a formar parte de \u201cEmprende Descubre\u201d, el cual acoge a estudiantes universitarios de nivel medio superior y superior, egresados, personal docente y administrativo de la Aut\u00f3noma mexiquense. Actualmente este bazar cuenta con la participaci\u00f3n de 143 emprendedores universitarios, que van desde los 18 hasta los 60 a\u00f1os.<\/p>\n","protected":false},"excerpt":{"rendered":"<p>Emprender no tiene que ser una actividad \u00fanicamente individual, puedes cambiar el mundo de alguien m\u00e1s,\u00a0 enfatiz\u00f3\u00a0 la egresada auriverde,\u00a0 Carolina Maier Contreras durante el Panel de G\u00e9nero: Mujeres Emprendedoras en la Facultad de Econom\u00eda de la Universidad Aut\u00f3noma del Estado de M\u00e9xico (UAEM\u00e9x).\u00a0<\/p>\n","protected":false},"author":3,"featured_media":548487,"comment_status":"open","ping_status":"open","sticky":false,"template":"","format":"standard","meta":{"_monsterinsights_skip_tracking":false,"_monsterinsights_sitenote_active":false,"_monsterinsights_sitenote_note":"","_monsterinsights_sitenote_category":0,"footnotes":""},"categories":[5],"tags":[95597,43675,452,67878],"class_list":["post-548401","post","type-post","status-publish","format-standard","has-post-thumbnail","hentry","category-estado-de-mexico","tag-emprendedurismo","tag-estado-de-mexico","tag-toluca","tag-uaemex"],"_links":{"self":[{"href":"https:\/\/www.diarioimagen.net\/index.php?rest_route=\/wp\/v2\/posts\/548401","targetHints":{"allow":["GET"]}}],"collection":[{"href":"https:\/\/www.diarioimagen.net\/index.php?rest_route=\/wp\/v2\/posts"}],"about":[{"href":"https:\/\/www.diarioimagen.net\/index.php?rest_route=\/wp\/v2\/types\/post"}],"author":[{"embeddable":true,"href":"https:\/\/www.diarioimagen.net\/index.php?rest_route=\/wp\/v2\/users\/3"}],"replies":[{"embeddable":true,"href":"https:\/\/www.diarioimagen.net\/index.php?rest_route=%2Fwp%2Fv2%2Fcomments&post=548401"}],"version-history":[{"count":0,"href":"https:\/\/www.diarioimagen.net\/index.php?rest_route=\/wp\/v2\/posts\/548401\/revisions"}],"wp:featuredmedia":[{"embeddable":true,"href":"https:\/\/www.diarioimagen.net\/index.php?rest_route=\/wp\/v2\/media\/548487"}],"wp:attachment":[{"href":"https:\/\/www.diarioimagen.net\/index.php?rest_route=%2Fwp%2Fv2%2Fmedia&parent=548401"}],"wp:term":[{"taxonomy":"category","embeddable":true,"href":"https:\/\/www.diarioimagen.net\/index.php?rest_route=%2Fwp%2Fv2%2Fcategories&post=548401"},{"taxonomy":"post_tag","embeddable":true,"href":"https:\/\/www.diarioimagen.net\/index.php?rest_route=%2Fwp%2Fv2%2Ftags&post=548401"}],"curies":[{"name":"wp","href":"https:\/\/api.w.org\/{rel}","templated":true}]}}