{"id":548419,"date":"2022-06-01T00:03:18","date_gmt":"2022-06-01T05:03:18","guid":{"rendered":"https:\/\/www.diarioimagen.net\/?p=548419"},"modified":"2022-06-01T04:27:40","modified_gmt":"2022-06-01T09:27:40","slug":"edomex-reprobado-en-la-generacion-de-empleos-asegura-jose-luis-duran","status":"publish","type":"post","link":"https:\/\/www.diarioimagen.net\/?p=548419","title":{"rendered":"Edomex, reprobado en la generaci\u00f3n de empleos, asegura Jos\u00e9 Luis Duran"},"content":{"rendered":"<p>&nbsp;<\/p>\n<ul>\n<li><strong><em>\u201cInseguridad, desincentiva la inversi\u00f3n\u201d<\/em><\/strong><\/li>\n<\/ul>\n<p>&nbsp;<\/p>\n<div id=\"attachment_548536\" style=\"width: 470px\" class=\"wp-caption aligncenter\"><a href=\"https:\/\/www.diarioimagen.net\/?attachment_id=548536\" rel=\"attachment wp-att-548536\"><img loading=\"lazy\" decoding=\"async\" aria-describedby=\"caption-attachment-548536\" class=\"size-full wp-image-548536\" src=\"https:\/\/www.diarioimagen.net\/wp-content\/uploads\/2022\/06\/edomex-reprobado.jpg\" alt=\"\" width=\"460\" height=\"270\" \/><\/a><p id=\"caption-attachment-548536\" class=\"wp-caption-text\">Jos\u00e9 Luis Dur\u00e1n Reveles, del PVEM, afirm\u00f3 que la entidad mexiquense est\u00e1 reprobada en generaci\u00f3n de empleos.<\/p><\/div>\n<p>&nbsp;<\/p>\n<p><strong>Naucalpan, Estado de M\u00e9xico.\u2014<\/strong> Jos\u00e9 Luis Dur\u00e1n Reveles, presidente de la Comisi\u00f3n Pol\u00edtica del Partido Verde Ecologista de M\u00e9xico (PVEM) en el Estado de M\u00e9xico, afirm\u00f3 que la entidad mexiquense, pr\u00e1cticamente est\u00e1 reprobada en generaci\u00f3n de empleos.<\/p>\n<p>Resalt\u00f3 que urgen iniciativas econ\u00f3micas para impulsar nuevas fuentes laborales en el estado y evitar el que el exceso de burocratismo y corrupci\u00f3n sigan siendo el gran lastre para incentivar nuevos negocios, as\u00ed como la poca proactividad de las instancias en la materia.<\/p>\n<p>Dur\u00e1n Reveles destac\u00f3 que por ejemplo hay dos aeropuertos, el de Toluca y el AIFA que pueden ser detonadores regionales de generaci\u00f3n de empleos, as\u00ed como los Proyectos del Tren Suburbano y la Carretera Atizap\u00e1n-Atlacomulco que est\u00e1n varados por un bajo ritmo de inversi\u00f3n.<\/p>\n<p>El dirigente estatal a\u00f1adi\u00f3 tambi\u00e9n, que la escasa o nula obra p\u00fablica y sobre todo la inseguridad, ha gravitado negativamente en la confianza para la inversi\u00f3n productiva en Edomex y que se ve amenazante por este flagelo. En entrevista, el dirigente estatal del Partido del tuc\u00e1n, consider\u00f3 que mientras no existan condiciones para la precisamente inversi\u00f3n, dif\u00edcilmente podr\u00e1n abrirse nuevas fuentes laborales. \u201cEl florecimiento de empleos formales llega con las obras que requieren de personal para edificarse.<\/p>\n<p>\u201cNecesitamos certidumbre, hacia una infraestructura productiva real, que tenga capacidad multiplicadora, y que sea un incentivo para estimular la inversi\u00f3n en el Edomex\u201d, apunt\u00f3.<\/p>\n","protected":false},"excerpt":{"rendered":"<p>Jos\u00e9 Luis Dur\u00e1n Reveles, presidente de la Comisi\u00f3n Pol\u00edtica del Partido Verde Ecologista de M\u00e9xico (PVEM) en el Estado de M\u00e9xico, afirm\u00f3 que la entidad mexiquense, pr\u00e1cticamente est\u00e1 reprobada en generaci\u00f3n de empleos.<\/p>\n","protected":false},"author":3,"featured_media":548536,"comment_status":"open","ping_status":"open","sticky":false,"template":"","format":"standard","meta":{"_monsterinsights_skip_tracking":false,"_monsterinsights_sitenote_active":false,"_monsterinsights_sitenote_note":"","_monsterinsights_sitenote_category":0,"footnotes":""},"categories":[5],"tags":[481,43675,95231,970],"class_list":["post-548419","post","type-post","status-publish","format-standard","has-post-thumbnail","hentry","category-estado-de-mexico","tag-empleo","tag-estado-de-mexico","tag-jose-luis-duran-reveles","tag-naucalpan"],"_links":{"self":[{"href":"https:\/\/www.diarioimagen.net\/index.php?rest_route=\/wp\/v2\/posts\/548419","targetHints":{"allow":["GET"]}}],"collection":[{"href":"https:\/\/www.diarioimagen.net\/index.php?rest_route=\/wp\/v2\/posts"}],"about":[{"href":"https:\/\/www.diarioimagen.net\/index.php?rest_route=\/wp\/v2\/types\/post"}],"author":[{"embeddable":true,"href":"https:\/\/www.diarioimagen.net\/index.php?rest_route=\/wp\/v2\/users\/3"}],"replies":[{"embeddable":true,"href":"https:\/\/www.diarioimagen.net\/index.php?rest_route=%2Fwp%2Fv2%2Fcomments&post=548419"}],"version-history":[{"count":0,"href":"https:\/\/www.diarioimagen.net\/index.php?rest_route=\/wp\/v2\/posts\/548419\/revisions"}],"wp:featuredmedia":[{"embeddable":true,"href":"https:\/\/www.diarioimagen.net\/index.php?rest_route=\/wp\/v2\/media\/548536"}],"wp:attachment":[{"href":"https:\/\/www.diarioimagen.net\/index.php?rest_route=%2Fwp%2Fv2%2Fmedia&parent=548419"}],"wp:term":[{"taxonomy":"category","embeddable":true,"href":"https:\/\/www.diarioimagen.net\/index.php?rest_route=%2Fwp%2Fv2%2Fcategories&post=548419"},{"taxonomy":"post_tag","embeddable":true,"href":"https:\/\/www.diarioimagen.net\/index.php?rest_route=%2Fwp%2Fv2%2Ftags&post=548419"}],"curies":[{"name":"wp","href":"https:\/\/api.w.org\/{rel}","templated":true}]}}