{"id":548421,"date":"2022-06-01T00:01:52","date_gmt":"2022-06-01T05:01:52","guid":{"rendered":"https:\/\/www.diarioimagen.net\/?p=548421"},"modified":"2022-06-01T04:57:08","modified_gmt":"2022-06-01T09:57:08","slug":"transportistas-protestan-ante-falta-de-pago-por-parte-de-contratista-de-la-defensa-nacional","status":"publish","type":"post","link":"https:\/\/www.diarioimagen.net\/?p=548421","title":{"rendered":"Transportistas protestan ante falta de pago por parte de contratista de la Defensa Nacional"},"content":{"rendered":"<p>&nbsp;<\/p>\n<ul>\n<li><strong><em>Plant\u00f3n frente a la Puerta 7, en Naucalpan<\/em><\/strong><\/li>\n<\/ul>\n<p>&nbsp;<\/p>\n<h6>Arturo Baena<\/h6>\n<p>&nbsp;<\/p>\n<div id=\"attachment_548545\" style=\"width: 470px\" class=\"wp-caption aligncenter\"><a href=\"https:\/\/www.diarioimagen.net\/?attachment_id=548545\" rel=\"attachment wp-att-548545\"><img loading=\"lazy\" decoding=\"async\" aria-describedby=\"caption-attachment-548545\" class=\"size-full wp-image-548545\" src=\"https:\/\/www.diarioimagen.net\/wp-content\/uploads\/2022\/06\/edomex-transporte.jpg\" alt=\"\" width=\"460\" height=\"270\" \/><\/a><p id=\"caption-attachment-548545\" class=\"wp-caption-text\">Choferes de camiones de carga se manifestaron en las inmediaciones de la puerta n\u00famero 7, del Campo Militar N\u00famero 1.<\/p><\/div>\n<p>&nbsp;<\/p>\n<p><strong>Naucalpan, Estado de M\u00e9xico.\u2014<\/strong> Al grito de \u201cexigimos nuestro pago\u201d, decenas de choferes de camiones de carga, se manifestaron frente a las instalaciones de la Secretaria de la Defensa Nacional (Sedena) en esta localidad y aseguraron que llegaran hasta las \u00faltimas consecuencias hasta cobrar con lo ya trabajado.<\/p>\n<p>Desde muy temprano, empezaron a llegar varios camiones de carga a las inmediaciones de la puerta n\u00famero 7, del campo militar n\u00famero 1 con mantas en donde exig\u00edan un pago que les adeuda y por influyent\u00edsimo y prepotencia no se les ha cumplido desde hace varias semanas.<\/p>\n<p>En entrevista con choferes del gremio denominado \u201cUni\u00f3n de Transportistas de Naucalpan\u201d, manifestaron que realizaron un contrato por varios servicios a la constructora que est\u00e1 realizando trabajos de obras a la Secretar\u00eda de la Defensa Nacional, a cargo del Ingeniero Marco Antonio Ib\u00e1\u00f1ez Flores, quien a la fecha se ha negado a pagar por sus servicios.<\/p>\n<p>Con lonas pegadas en m\u00e1s de 40 camiones, los afectados aseguraron que \u201cnosotros ya cumplimos y ahora qui\u00e9n nos contrat\u00f3, nos asegura que no nos pagar\u00e1n, es por ese motivo que pedimos a las m\u00e1s altas autoridades de la Sedena que intervengan en esta situaci\u00f3n\u201d, dijeron.<\/p>\n<p>Aseguran que el ingeniero Marco Antonio Ib\u00e1\u00f1ez Flores, amenaza a los transportistas con palabras de \u201chagan lo que quieran. No les pagar\u00e9\u201d pues, supuestamente, asegura estar \u201capadrinado\u201d por el secretario de la Defensa Nacional, reafirman.<\/p>\n<p>Los afectados, destacan que se les adeuda poco m\u00e1s de un mill\u00f3n de pesos por trabajos que realizaron en el Campo Militar N\u00famero 1-A. Finalmente, \u201cLa Uni\u00f3n de Transportistas de Naucalpan\u201d, afirmaron que seguir\u00e1n manifest\u00e1ndose hasta que se les cumpla con el pago de m\u00e1s de un mill\u00f3n de pesos.<\/p>\n","protected":false},"excerpt":{"rendered":"<p>Al grito de \u201cexigimos nuestro pago\u201d, decenas de choferes de camiones de carga, se manifestaron frente a las instalaciones de la Secretaria de la Defensa Nacional (Sedena) en esta localidad y aseguraron que llegaran hasta las \u00faltimas consecuencias hasta cobrar con lo ya trabajado.<\/p>\n","protected":false},"author":3,"featured_media":548545,"comment_status":"open","ping_status":"open","sticky":false,"template":"","format":"standard","meta":{"_monsterinsights_skip_tracking":false,"_monsterinsights_sitenote_active":false,"_monsterinsights_sitenote_note":"","_monsterinsights_sitenote_category":0,"footnotes":""},"categories":[5],"tags":[95598,69276,43675,970],"class_list":["post-548421","post","type-post","status-publish","format-standard","has-post-thumbnail","hentry","category-estado-de-mexico","tag-contratista","tag-defensa-nacional","tag-estado-de-mexico","tag-naucalpan"],"_links":{"self":[{"href":"https:\/\/www.diarioimagen.net\/index.php?rest_route=\/wp\/v2\/posts\/548421","targetHints":{"allow":["GET"]}}],"collection":[{"href":"https:\/\/www.diarioimagen.net\/index.php?rest_route=\/wp\/v2\/posts"}],"about":[{"href":"https:\/\/www.diarioimagen.net\/index.php?rest_route=\/wp\/v2\/types\/post"}],"author":[{"embeddable":true,"href":"https:\/\/www.diarioimagen.net\/index.php?rest_route=\/wp\/v2\/users\/3"}],"replies":[{"embeddable":true,"href":"https:\/\/www.diarioimagen.net\/index.php?rest_route=%2Fwp%2Fv2%2Fcomments&post=548421"}],"version-history":[{"count":0,"href":"https:\/\/www.diarioimagen.net\/index.php?rest_route=\/wp\/v2\/posts\/548421\/revisions"}],"wp:featuredmedia":[{"embeddable":true,"href":"https:\/\/www.diarioimagen.net\/index.php?rest_route=\/wp\/v2\/media\/548545"}],"wp:attachment":[{"href":"https:\/\/www.diarioimagen.net\/index.php?rest_route=%2Fwp%2Fv2%2Fmedia&parent=548421"}],"wp:term":[{"taxonomy":"category","embeddable":true,"href":"https:\/\/www.diarioimagen.net\/index.php?rest_route=%2Fwp%2Fv2%2Fcategories&post=548421"},{"taxonomy":"post_tag","embeddable":true,"href":"https:\/\/www.diarioimagen.net\/index.php?rest_route=%2Fwp%2Fv2%2Ftags&post=548421"}],"curies":[{"name":"wp","href":"https:\/\/api.w.org\/{rel}","templated":true}]}}