{"id":548422,"date":"2022-06-01T00:04:11","date_gmt":"2022-06-01T05:04:11","guid":{"rendered":"https:\/\/www.diarioimagen.net\/?p=548422"},"modified":"2022-06-01T04:52:48","modified_gmt":"2022-06-01T09:52:48","slug":"participan-decenas-en-actividad-deportiva-en-naucalpan","status":"publish","type":"post","link":"https:\/\/www.diarioimagen.net\/?p=548422","title":{"rendered":"Participan decenas en actividad deportiva en Naucalpan"},"content":{"rendered":"<p>&nbsp;<\/p>\n<p><a href=\"https:\/\/www.diarioimagen.net\/?attachment_id=548542\" rel=\"attachment wp-att-548542\"><img loading=\"lazy\" decoding=\"async\" class=\"aligncenter size-full wp-image-548542\" src=\"https:\/\/www.diarioimagen.net\/wp-content\/uploads\/2022\/06\/edomex-deporte.jpg\" alt=\"\" width=\"460\" height=\"307\" \/><\/a><\/p>\n<p>&nbsp;<\/p>\n<p><strong>Naucalpan, Estado de M\u00e9xico.\u2014<\/strong> Al comp\u00e1s de una gran variedad de ritmos, vestidas por la fluorescencia del ne\u00f3n, m\u00e1s de 600 personas de todas las edades, procedentes de diversas comunidades de la demarcaci\u00f3n, participaron de manera gratuita en una activaci\u00f3n organizada por el Instituto Municipal de Cultura F\u00edsica y Deporte de Naucalpan (Imcufiden).<\/p>\n<p>\u201cM\u00e9xico es n\u00famero uno en obesidad a nivel mundial, tenemos muy mala alimentaci\u00f3n y no hacemos ejercicio.<\/p>\n<p>La pandemia afect\u00f3 a mucha gente, porque estar guardados en casa gener\u00f3 ansiedad y depresi\u00f3n; estas actividades nos ayudan a erradicar un poco de eso\u201d, expres\u00f3 Alejandra Cervantes Ruedas, una de las instructoras que participaron en la Fiesta de Zumba Ne\u00f3n, efectuada en el Centro de Exposiciones, Ferias y Eventos del Parque Naucalli.<\/p>\n","protected":false},"excerpt":{"rendered":"<p>Al comp\u00e1s de una gran variedad de ritmos, vestidas por la fluorescencia del ne\u00f3n, m\u00e1s de 600 personas de todas las edades, procedentes de diversas comunidades de la demarcaci\u00f3n, participaron de manera gratuita en una activaci\u00f3n organizada por el Instituto Municipal de Cultura F\u00edsica y Deporte de Naucalpan (Imcufiden).<\/p>\n","protected":false},"author":3,"featured_media":548542,"comment_status":"open","ping_status":"open","sticky":false,"template":"","format":"standard","meta":{"_monsterinsights_skip_tracking":false,"_monsterinsights_sitenote_active":false,"_monsterinsights_sitenote_note":"","_monsterinsights_sitenote_category":0,"footnotes":""},"categories":[5],"tags":[43675,90997,970],"class_list":["post-548422","post","type-post","status-publish","format-standard","has-post-thumbnail","hentry","category-estado-de-mexico","tag-estado-de-mexico","tag-imcufiden","tag-naucalpan"],"_links":{"self":[{"href":"https:\/\/www.diarioimagen.net\/index.php?rest_route=\/wp\/v2\/posts\/548422","targetHints":{"allow":["GET"]}}],"collection":[{"href":"https:\/\/www.diarioimagen.net\/index.php?rest_route=\/wp\/v2\/posts"}],"about":[{"href":"https:\/\/www.diarioimagen.net\/index.php?rest_route=\/wp\/v2\/types\/post"}],"author":[{"embeddable":true,"href":"https:\/\/www.diarioimagen.net\/index.php?rest_route=\/wp\/v2\/users\/3"}],"replies":[{"embeddable":true,"href":"https:\/\/www.diarioimagen.net\/index.php?rest_route=%2Fwp%2Fv2%2Fcomments&post=548422"}],"version-history":[{"count":0,"href":"https:\/\/www.diarioimagen.net\/index.php?rest_route=\/wp\/v2\/posts\/548422\/revisions"}],"wp:featuredmedia":[{"embeddable":true,"href":"https:\/\/www.diarioimagen.net\/index.php?rest_route=\/wp\/v2\/media\/548542"}],"wp:attachment":[{"href":"https:\/\/www.diarioimagen.net\/index.php?rest_route=%2Fwp%2Fv2%2Fmedia&parent=548422"}],"wp:term":[{"taxonomy":"category","embeddable":true,"href":"https:\/\/www.diarioimagen.net\/index.php?rest_route=%2Fwp%2Fv2%2Fcategories&post=548422"},{"taxonomy":"post_tag","embeddable":true,"href":"https:\/\/www.diarioimagen.net\/index.php?rest_route=%2Fwp%2Fv2%2Ftags&post=548422"}],"curies":[{"name":"wp","href":"https:\/\/api.w.org\/{rel}","templated":true}]}}