{"id":548451,"date":"2022-06-01T00:04:30","date_gmt":"2022-06-01T05:04:30","guid":{"rendered":"https:\/\/www.diarioimagen.net\/?p=548451"},"modified":"2022-06-01T01:48:58","modified_gmt":"2022-06-01T06:48:58","slug":"layda-sansores-nuevos-videos","status":"publish","type":"post","link":"https:\/\/www.diarioimagen.net\/?p=548451","title":{"rendered":"Layda Sansores, nuevos videos"},"content":{"rendered":"<h2>Desde el portal<\/h2>\n<h5>\u00c1ngel Soriano<\/h5>\n<p>&nbsp;<\/p>\n<p>Al fragor del proceso electoral en marcha, la gobernadora de Campeche, Layda Sansores, anuncia que dar\u00e1 a conocer nuevos videos del l\u00edder nacional del PRI, Alejandro Moreno C\u00e1rdenas (a) \u201cAlito\u201d sobre sus correr\u00edas como gobernador y dirigente pol\u00edtico en la entidad, a unos meses tambi\u00e9n de la definici\u00f3n de las candidaturas a la Presidencia de la Rep\u00fablica.<\/p>\n<p>En el mismo sentido, el gobernador poblano Miguel Barbosa Huerta afirma que su gobierno no filtra documentos ni ordena investigaciones sobre sus adversarios y las disputas pol\u00edticas de ninguna manera deben obstaculizar la aplicaci\u00f3n de la ley por lo cual pidi\u00f3 al titular de la UIF de la Secretar\u00eda de Hacienda, Pablo G\u00f3mez, respetar la autonom\u00eda del fiscal y la soberan\u00eda del estado.<\/p>\n<p>En Tamaulipas, lo mismo que en Durango y las entidades donde habr\u00e1 elecciones este 6 de junio, denuncian irregularidades en las actividades p\u00fablicas de los candidatos con el \u00e1nimo de contribuir a la derrota de unos y apuntalar el triunfo de otros. Es la temporada electoral pero convendr\u00eda aclarar si son ciertas o no las filtraciones.<\/p>\n<p>Tanto Sansores como \u201cAlito\u201d Moreno afirman que han recurrido ya a la FGR para que se investiguen los or\u00edgenes y la veracidad de los testimonios en exhibici\u00f3n por lo cual se espera una respuesta conducente de la Fiscal\u00eda para sancionar a los difamadores o fincar responsabilidades a quienes han tergiversado la funci\u00f3n p\u00fablica. As\u00ed se contribuir\u00eda al saneamiento de la vida p\u00fablica.<\/p>\n<p style=\"text-align: center;\"><strong>Turbulencias<br \/>\nApoyos a personas con discapacidades en CDMX<\/strong><\/p>\n<p>La jefa de Gobierno de la ciudad de M\u00e9xico, Claudia Sheinbaum Pardo, y la secretaria de Bienestar, Adriadna Montiel Reyes, dieron a conocer que a partir de este 6 de junio y hasta el d\u00eda 30, se abrir\u00e1n 44 m\u00f3dulos para el registro de personas solicitantes de apoyos por discapacidad lo cual significa otro programa m\u00e1s en beneficio de un sector vulnerable y marginado de las actividades productivas y que, pese a estar regulado por la Ley, sufren desd\u00e9n en la sociedad que no comprende las deficiencias f\u00edsicas de este sector de la poblaci\u00f3n\u2026Y sigue en problemas la alcaldesa en Cuauht\u00e9moc, Sandra Cuevas, quien afirma que no ha sido notificada oficialmente por el Tribunal Administrativa de las sanciones que ha sido objeto por incumplimiento u omisi\u00f3n en sus actividades oficiales. Afirma la controvertida funcionaria que ella sigue trabajando con entusiasmo en la alcald\u00eda en tanto no se haga oficial la sanci\u00f3n -inhabilitaci\u00f3n en el cargo- y se sustente la misma\u2026. Aislamiento, impedimento para ingresar a algunas comunidades y acusaciones sistem\u00e1ticas de malversaci\u00f3n de fondos como funcionario del ex gobernador de Gabino Cu\u00e9, el candidato de Morena a la gubernatura de Oaxaca, Salom\u00f3n Jara, observa con nerviosismo la elecci\u00f3n del 5 de junio, pues la indudable fuerza de la familia Murat en el PRI y en la entidad, hacen zozobrar su arribo a la gubernatura\u2026 Y en las mismas condiciones se encuentran los 5 candidatos al mismo n\u00famero de gubernaturas en los estados del pa\u00eds, pues nadie se salva de estar involucrado en il\u00edcitos o en enriquecimientos a costa de los recursos del sector p\u00fablico\u2026 El gobernador de Puebla, Miguel Barbosa, inici\u00f3 el rescate de inmuebles hist\u00f3ricos que hab\u00edan ca\u00eddo en manos del sector privado en el Centro Hist\u00f3rico de la capital poblana, donde fueron acondicionados como estacionamientos u otro tipo de establecimientos de lucro ocultando su belleza y su contribuci\u00f3n a la belleza de la capital poblana. De entre la magna belleza de la ciudad, era f\u00e1cil ocultar o adue\u00f1arse de estas joyas arquitect\u00f3nicas que hoy son rescatadas en beneficio de habitantes y visitantes.<\/p>\n<p><u><a href=\"mailto:asorianocarrasco@yahoo.com\" target=\"_blank\" rel=\"noopener noreferrer\"><em>asorianocarrasco@yahoo.com<\/em><\/a><br \/>\n<em><a href=\"https:\/\/revistabrecha.com\" target=\"_blank\" rel=\"noopener noreferrer\">www.revistabrecha.com<\/a><br \/>\n<a href=\"https:\/\/twitter.com\/brecharevista\" target=\"_blank\" rel=\"noopener noreferrer\">@BrechaRevista<\/a><\/em><\/u><\/p>\n","protected":false},"excerpt":{"rendered":"<p><span style=\"color: #005497;\"><strong>\u00c1ngel Soriano<\/strong><\/span><\/p>\n","protected":false},"author":3,"featured_media":0,"comment_status":"open","ping_status":"open","sticky":false,"template":"","format":"standard","meta":{"_monsterinsights_skip_tracking":false,"_monsterinsights_sitenote_active":false,"_monsterinsights_sitenote_note":"","_monsterinsights_sitenote_category":0,"footnotes":""},"categories":[135],"tags":[85,86,43674],"class_list":["post-548451","post","type-post","status-publish","format-standard","hentry","category-angel-soriano-opinion","tag-angel-soriano","tag-desde-el-portal","tag-opinion"],"_links":{"self":[{"href":"https:\/\/www.diarioimagen.net\/index.php?rest_route=\/wp\/v2\/posts\/548451","targetHints":{"allow":["GET"]}}],"collection":[{"href":"https:\/\/www.diarioimagen.net\/index.php?rest_route=\/wp\/v2\/posts"}],"about":[{"href":"https:\/\/www.diarioimagen.net\/index.php?rest_route=\/wp\/v2\/types\/post"}],"author":[{"embeddable":true,"href":"https:\/\/www.diarioimagen.net\/index.php?rest_route=\/wp\/v2\/users\/3"}],"replies":[{"embeddable":true,"href":"https:\/\/www.diarioimagen.net\/index.php?rest_route=%2Fwp%2Fv2%2Fcomments&post=548451"}],"version-history":[{"count":0,"href":"https:\/\/www.diarioimagen.net\/index.php?rest_route=\/wp\/v2\/posts\/548451\/revisions"}],"wp:attachment":[{"href":"https:\/\/www.diarioimagen.net\/index.php?rest_route=%2Fwp%2Fv2%2Fmedia&parent=548451"}],"wp:term":[{"taxonomy":"category","embeddable":true,"href":"https:\/\/www.diarioimagen.net\/index.php?rest_route=%2Fwp%2Fv2%2Fcategories&post=548451"},{"taxonomy":"post_tag","embeddable":true,"href":"https:\/\/www.diarioimagen.net\/index.php?rest_route=%2Fwp%2Fv2%2Ftags&post=548451"}],"curies":[{"name":"wp","href":"https:\/\/api.w.org\/{rel}","templated":true}]}}