{"id":548453,"date":"2022-06-01T00:05:20","date_gmt":"2022-06-01T05:05:20","guid":{"rendered":"https:\/\/www.diarioimagen.net\/?p=548453"},"modified":"2022-06-01T01:49:58","modified_gmt":"2022-06-01T06:49:58","slug":"como-eludir-las-culpas","status":"publish","type":"post","link":"https:\/\/www.diarioimagen.net\/?p=548453","title":{"rendered":"C\u00f3mo eludir las culpas"},"content":{"rendered":"<h2>Perfil de M\u00e9xico<\/h2>\n<h5>Armando R\u00edos Ruiz<\/h5>\n<p>&nbsp;<\/p>\n<p>Un guerrerense nacido en la sierra de esa entidad e incorporado a nuevos estratos sociales desde que sus padres decidieron bajar a vivir a otra poblaci\u00f3n enmarcada entre el mar y esa interminable serran\u00eda, lament\u00f3 que en su lugar de origen o cerca de \u00e9l, no viviera una persona tan importante como la se\u00f1ora Mar\u00eda Consuelo Loera P\u00e9rez, madre de Joaqu\u00edn, \u201cEl Chapo\u201d Guzm\u00e1n.<\/p>\n<p>Lo anterior, porque es visible el tiempo y la complacencia que el mismo Presidente de la Rep\u00fablica prodiga y dedica a la sierra de Sinaloa, convertida en punto de visita asidua del mandatario, en donde se le ha visto en videos, departir cordialmente en reuniones y festejos, con quienes viven o \u201ctrabajan\u201d en el rumbo.<\/p>\n<p>Tambi\u00e9n, por la reciente visita que realiz\u00f3 el fin de semana, para supervisar la construcci\u00f3n de la carretera Batopilas-Guadalupe-Calvo, de los estados que convergen en el punto conocido como \u201cTri\u00e1ngulo Dorado\u201d: Sinaloa, Chihuahua y Durango y en donde deambulan convertidos en due\u00f1os absolutos, grupos de delincuentes que pertenecen al C\u00e1rtel heredado a sus hijos por Guzm\u00e1n Loera.<\/p>\n<p>Aunque Guerrero tambi\u00e9n es punto que atrae al Presidente \u2013all\u00e1 anunci\u00f3 una posible amnist\u00eda a los grupos de narcotraficantes, lo \u00fanico que le falta concretar\u2212, por ser basti\u00f3n de Morena debido a la cantidad de votos que sus habitantes le pueden aportar, no tiene una raz\u00f3n poderosa, como la presencia de la madre de \u201cEl Chapo\u201d, que lo obligue a viajar a las partes serranas.<\/p>\n<p>No se vislumbra hasta hoy, que se le haya ocurrido a\u00fan construir carreteras que pueden coadyuvar a la salida de mercanc\u00eda diversa, incluida la droga, cuyas ganancias son necesarias para la supervivencia de las bandas y de muchos habitantes del lugar. Tal vez con esto callar\u00eda la boca de los conservadores, de los neoliberales, que hasta eso critican.<\/p>\n<p>Carreteras que unan la costa con la zona de la Tierra Caliente, habitada en un ca\u00f1\u00f3n formado por la sierra que sube desde la cercan\u00eda del mar hasta la parte que baja y vuelve a subir, son sumamente necesarias. Quiz\u00e1 poco importe que los que viven en las partes altas, las demanden con premura para sacar sus productos a partes m\u00e1s pobladas, como derivados de leche, de la ca\u00f1a de az\u00facar y muchos m\u00e1s. Tal vez lo importante sea facilitar el trasiego de los productos prohibidos. De todas maneras, servir\u00edan para ambas actividades.<\/p>\n<p>El se\u00f1or puede ir cuando quiera. En autom\u00f3vil o en helic\u00f3ptero. Pero deber\u00e1 tener mucho cuidado en enviar tambi\u00e9n en aparatos voladores a la prensa que lo acompa\u00f1e. \u00c9l puede hacerlo como quiera y sentirse plenamente seguro, como respondi\u00f3 a preguntas de reporteros. No lo afecta en nada y si la sierra de \u201cEl Chapo\u201d no lo inquiet\u00f3, seguramente ninguna otra lo har\u00eda.<\/p>\n<p>Los periodistas corren el riesgo de ser retenidos hasta identificarse plenamente, como parte del evento que cubrir\u00e1 las actividades del mandatario. Podr\u00edan inclusive sufrir alg\u00fan atentado por motivos que no conocemos, porque no ha ocurrido nada a\u00fan, que enturbie alg\u00fan recorrido a lugares que tienen due\u00f1o, en los cuales estos pueden exhibirse con uniformes militares.<\/p>\n<p>En la \u00f3ptica del mandatario, es delito, pero minimizado, portar esos uniformes exclusivos de las fuerzas armadas. Lo mismo portar armas prohibidas y hasta superiores a las que usan los miembros del Ej\u00e9rcito y la Marina. Por lo menos eso es lo que hizo notar cuando se le pregunt\u00f3 sobre la situaci\u00f3n. Justific\u00f3 al decir que eso mismo ocurre en el estado de Jalisco. Luego entonces, de este razonamiento podemos inferir que no es un acto il\u00edcito o no tan il\u00edcito.<\/p>\n<p>Tambi\u00e9n es particularidad de los conservadores pensar que los delincuentes tienen el control del pa\u00eds. \u00bfQu\u00e9 dicen los videos que exhiben a autoridades municipales se\u00f1aladas por los criminales como sus jefes? Existe uno en donde presentan a un alcalde como el que da contraorden para que no cuelguen de un puente a un mando de la Marina.<\/p>\n<p>El mandatario se ha erigido como diestro en materia de sacudirse culpas, con s\u00f3lo negar los hechos, por m\u00e1s convincentes e irrefutables que son.<\/p>\n<p><a href=\"mailto:ariosruiz@gmail.com\" target=\"_blank\" rel=\"noopener noreferrer\"><em>ariosruiz@gmail.com<\/em><\/a><\/p>\n","protected":false},"excerpt":{"rendered":"<p><span style=\"color: #005497;\"><strong>Armando R\u00edos Ruiz<\/strong><\/span><\/p>\n","protected":false},"author":3,"featured_media":0,"comment_status":"open","ping_status":"open","sticky":false,"template":"","format":"standard","meta":{"_monsterinsights_skip_tracking":false,"_monsterinsights_sitenote_active":false,"_monsterinsights_sitenote_note":"","_monsterinsights_sitenote_category":0,"footnotes":""},"categories":[88405],"tags":[88407,43674,91193],"class_list":["post-548453","post","type-post","status-publish","format-standard","hentry","category-armando-rios-ruiz","tag-armando-rios-ruiz","tag-opinion","tag-perfil-de-mexico"],"_links":{"self":[{"href":"https:\/\/www.diarioimagen.net\/index.php?rest_route=\/wp\/v2\/posts\/548453","targetHints":{"allow":["GET"]}}],"collection":[{"href":"https:\/\/www.diarioimagen.net\/index.php?rest_route=\/wp\/v2\/posts"}],"about":[{"href":"https:\/\/www.diarioimagen.net\/index.php?rest_route=\/wp\/v2\/types\/post"}],"author":[{"embeddable":true,"href":"https:\/\/www.diarioimagen.net\/index.php?rest_route=\/wp\/v2\/users\/3"}],"replies":[{"embeddable":true,"href":"https:\/\/www.diarioimagen.net\/index.php?rest_route=%2Fwp%2Fv2%2Fcomments&post=548453"}],"version-history":[{"count":0,"href":"https:\/\/www.diarioimagen.net\/index.php?rest_route=\/wp\/v2\/posts\/548453\/revisions"}],"wp:attachment":[{"href":"https:\/\/www.diarioimagen.net\/index.php?rest_route=%2Fwp%2Fv2%2Fmedia&parent=548453"}],"wp:term":[{"taxonomy":"category","embeddable":true,"href":"https:\/\/www.diarioimagen.net\/index.php?rest_route=%2Fwp%2Fv2%2Fcategories&post=548453"},{"taxonomy":"post_tag","embeddable":true,"href":"https:\/\/www.diarioimagen.net\/index.php?rest_route=%2Fwp%2Fv2%2Ftags&post=548453"}],"curies":[{"name":"wp","href":"https:\/\/api.w.org\/{rel}","templated":true}]}}