{"id":548457,"date":"2022-06-01T00:08:03","date_gmt":"2022-06-01T05:08:03","guid":{"rendered":"https:\/\/www.diarioimagen.net\/?p=548457"},"modified":"2022-06-01T01:53:04","modified_gmt":"2022-06-01T06:53:04","slug":"marko-cortes-el-timonel","status":"publish","type":"post","link":"https:\/\/www.diarioimagen.net\/?p=548457","title":{"rendered":"Marko Cort\u00e9s, \u00bfel timonel?"},"content":{"rendered":"<h2>Punto por punto<\/h2>\n<h5>Augusto Corro<\/h5>\n<p>&nbsp;<\/p>\n<p>Tras las elecciones estatales del pr\u00f3ximo domingo, los partidos pol\u00edticos (PAN, PRI, PRD) tendr\u00e1n la oportunidad de analizar la jornada electoral y prepararse para lo que viene.<\/p>\n<p>Es decir, las elecciones para cambio de gobernador en el Estado de M\u00e9xico y Coahuila, as\u00ed como la m\u00e1s importante, la contienda electoral presidencial de 2024.<\/p>\n<p>Habr\u00e1, pues, mucho movimiento en los escenarios pol\u00edticos. En la oposici\u00f3n no parece que se encuentren muy animados, debido a que son pocas las victorias, si es que hay, de la alianza denominada \u201cVa por M\u00e9xico\u201d.<\/p>\n<p>Parece que no cambiar\u00e1 el estilo de hacer pol\u00edtica de panistas, priistas y perredistas, integrados en una coalici\u00f3n, en la que el PAN se despachar\u00e1 a su gusto.\u00a0 De esos tres partidos opositores surgir\u00e1 el candidato presidencial y es casi seguro que sea un panista. \u00bfPor qu\u00e9 un blanquiazul?<\/p>\n<p>Porque es la organizaci\u00f3n pol\u00edtica m\u00e1s fuerte de las tres; la que refleja m\u00e1s fortaleza que los dem\u00e1s partidos.<\/p>\n<p>Tampoco se hace a un lado la posibilidad de que el aspirante de la oposici\u00f3n sea un personaje importante del sector empresarial, como Claudio X. Gonz\u00e1lez.\u00a0 Del Revolucionario Institucional poco o nada se espera. En el presente el tricolor pasa por una situaci\u00f3n dif\u00edcil.<\/p>\n<p>Su dirigente, Alejandro Moreno C\u00e1rdenas (a) \u201cAlito\u201d enfrenta problemas hacia el interior y exterior de su partido.\u00a0 En el tricolor no cay\u00f3 bien su autodestape como candidato presidencial. Hacia fuera, el ex gobernador campechano enfrenta a las autoridades electorales y fiscales por una colecci\u00f3n de audios comprometedores.<\/p>\n<p>Uno de los aspirantes presidenciales, Enrique de la Madrid, no parece ser un oponente real de \u201cAlito\u201d. En el tricolor la \u201ccaballada\u201d est\u00e1 flaca.<\/p>\n<p>En una de esas grabaciones se refiri\u00f3 a dinero ilegal para las elecciones y en otro audio dijo que a los periodistas no hay que matarlos a balazos, hay que matarlos de hambre.<\/p>\n<p>El Partido de la Revoluci\u00f3n Democr\u00e1tica est\u00e1 igual o peor que el PRI. No hay de donde escoger a su representante.\u00a0 El monopolio del poder lo tienen los \u201cChuchos\u201d: Jes\u00fas Ortega y Jes\u00fas Zambrano.<\/p>\n<p>Ambos dirigentes no se encuentran en condiciones de perder la propiedad de su partido.\u00a0 Por cierto, en una entrevista reciente en Sin Embargo, el l\u00edder del sol azteca, Zambrano, declar\u00f3 que el empresario Claudio X Gonz\u00e1lez no es su patr\u00f3n.<\/p>\n<p>En s\u00edntesis, Marko Cort\u00e9s, de Acci\u00f3n Nacional, es el hombre fuerte a cargo de dirigir, orientar y guiar a la alianza \u201cVa por M\u00e9xico\u201d.<\/p>\n<p>Cort\u00e9s no la tendr\u00e1 f\u00e1cil. En Acci\u00f3n Nacional todos quieren ser candidatos presidenciales. Est\u00e1n en su derecho; s\u00f3lo que la mayor\u00eda de esos aspirantes son cartuchos quemados, como se dice coloquialmente.<\/p>\n<p style=\"text-align: center;\"><strong>La lucha por Tamaulipas<\/strong><\/p>\n<p>El pr\u00f3ximo domingo se elegir\u00e1n nuevos gobernadores en Oaxaca, Quintana Roo, Hidalgo, Aguascalientes, Durango y Tamaulipas.<\/p>\n<p>En cinco de esas entidades no habr\u00e1 conflictos electorales. Quiz\u00e1s algo de ruido en Durango.<\/p>\n<p>Ser\u00e1 en Tamaulipas donde todo est\u00e1 listo para desatar un problema pol\u00edtico de pron\u00f3stico reservado.<\/p>\n<p>Resulta que el actual gobernador, Francisco Garc\u00eda Cabeza de Vaca, de extracci\u00f3n panista, no quiere entregar el poder a sus opositores.<\/p>\n<p>Entre otras cuestiones, el mandatario tamaulipeco tiene cuentas pendientes con la justicia.<\/p>\n<p>Ya sin la protecci\u00f3n del fuero y con sus adversarios que le exigir\u00e1n cuentas, el futuro de Cabeza de Vaca no se ve muy alentador.<\/p>\n<p>Adem\u00e1s de los pleitos partidistas, el a\u00fan gobernador tiene sobre su cabeza una amenaza de desafuero.<\/p>\n<p>Este \u00faltimo asunto se encuentra en manos de la Suprema Corte de Justicia de la Naci\u00f3n (SCJN).<\/p>\n<p>Cabeza de Vaca fue acusado ante la Fiscal\u00eda General de la Rep\u00fablica (FGR) por el manejo irregular de los recursos p\u00fablicos y enriquecimiento il\u00edcito.\u00a0\u00a0 Tamaulipas es un estado en el que no hay seguridad desde hace varios sexenios.<\/p>\n<p>Varios gobernadores que antecedieron al panista en el cargo enfrentaron a la justicia estadounidense.<\/p>\n<p>Los diferentes carteles de la droga convirtieron a la entidad en un campo de guerra.<\/p>\n<p>En fin, el mandatario Cabeza de Vaca buscar\u00e1 el triunfo de su partido con todos los medios a su alcance, para no ser alcanzado por los representantes de la ley.\u00a0 De acuerdo con las \u00faltimas encuestas. Am\u00e9rico Villarreal (Morena, PT y Verde), encabeza la lista de mayor n\u00famero de seguidores (63.1%).<\/p>\n<p>Le sigue C\u00e9sar \u201cEl Truko\u201d (PAN, PRI, PRD) (32.4%). Al final, Arturo Diez Guti\u00e9rrez Navarro (MC 4.5%).<\/p>\n<p>\u00bfUsted qu\u00e9 opina amable lector?<\/p>\n<p><a href=\"mailto:aco2742@hotmail.com\" target=\"_blank\" rel=\"noopener noreferrer\"><em>aco2742@hotmail.com<\/em><\/a><\/p>\n","protected":false},"excerpt":{"rendered":"<p><span style=\"color: #005497;\"><strong>Augusto Corro<\/strong><\/span><\/p>\n","protected":false},"author":3,"featured_media":0,"comment_status":"open","ping_status":"open","sticky":false,"template":"","format":"standard","meta":{"_monsterinsights_skip_tracking":false,"_monsterinsights_sitenote_active":false,"_monsterinsights_sitenote_note":"","_monsterinsights_sitenote_category":0,"footnotes":""},"categories":[157],"tags":[43686,43674,11515],"class_list":["post-548457","post","type-post","status-publish","format-standard","hentry","category-augusto-corro","tag-augusto-corro","tag-opinion","tag-punto-por-punto"],"_links":{"self":[{"href":"https:\/\/www.diarioimagen.net\/index.php?rest_route=\/wp\/v2\/posts\/548457","targetHints":{"allow":["GET"]}}],"collection":[{"href":"https:\/\/www.diarioimagen.net\/index.php?rest_route=\/wp\/v2\/posts"}],"about":[{"href":"https:\/\/www.diarioimagen.net\/index.php?rest_route=\/wp\/v2\/types\/post"}],"author":[{"embeddable":true,"href":"https:\/\/www.diarioimagen.net\/index.php?rest_route=\/wp\/v2\/users\/3"}],"replies":[{"embeddable":true,"href":"https:\/\/www.diarioimagen.net\/index.php?rest_route=%2Fwp%2Fv2%2Fcomments&post=548457"}],"version-history":[{"count":0,"href":"https:\/\/www.diarioimagen.net\/index.php?rest_route=\/wp\/v2\/posts\/548457\/revisions"}],"wp:attachment":[{"href":"https:\/\/www.diarioimagen.net\/index.php?rest_route=%2Fwp%2Fv2%2Fmedia&parent=548457"}],"wp:term":[{"taxonomy":"category","embeddable":true,"href":"https:\/\/www.diarioimagen.net\/index.php?rest_route=%2Fwp%2Fv2%2Fcategories&post=548457"},{"taxonomy":"post_tag","embeddable":true,"href":"https:\/\/www.diarioimagen.net\/index.php?rest_route=%2Fwp%2Fv2%2Ftags&post=548457"}],"curies":[{"name":"wp","href":"https:\/\/api.w.org\/{rel}","templated":true}]}}