{"id":548460,"date":"2022-06-01T00:03:30","date_gmt":"2022-06-01T05:03:30","guid":{"rendered":"https:\/\/www.diarioimagen.net\/?p=548460"},"modified":"2022-06-01T01:54:37","modified_gmt":"2022-06-01T06:54:37","slug":"tren-maya-y-ambientalistas","status":"publish","type":"post","link":"https:\/\/www.diarioimagen.net\/?p=548460","title":{"rendered":"Tren Maya y ambientalistas"},"content":{"rendered":"<h2>Espacio Electoral<\/h2>\n<h5>Eleazar Flores<\/h5>\n<p><strong>\u00a0<\/strong><\/p>\n<p><strong>SEGUIR\u00c1 LA OBRA-.<\/strong> No obstante que un juez ha ordenado la suspensi\u00f3n definitiva de las obras en el Tramo 5 sur del discutido Tren Maya, apueste y ganar\u00e1 que el \u201crespetuoso\u201d gobierno de la \u201ccuarta transtornaci\u00f3n\u201d seguir\u00e1 adelante con su proyecto.<\/p>\n<p>Lo anterior demuestra evidentemente el absoluto respeto a la unipersonal voluntad presidencial de parte de los funcionarios del actual r\u00e9gimen, del respeto a la decisi\u00f3n de los jueces, no importa.<\/p>\n<p>Para el actual gobierno es preponderante no detener ninguna de sus obras emblem\u00e1ticas as\u00ed se pase por la inconformidad popular como sucede con campesinos de Zumpango que mantienen bloqueadas algunas v\u00edas de acceso al aeropuerto \u201ctlayudo\u201d Felipe \u00c1ngeles y que con medidas coercitivas contra algunas l\u00edneas a\u00e9reas, dejan de operar paulatinamente en el aeropuerto de la capital del pa\u00eds mand\u00e1ndoles al AIFA\u00a0 o a Toluca.<\/p>\n<p>Sucede algo parecido con la construcci\u00f3n y reconstrucci\u00f3n de la refiner\u00eda Dos Bocas, inundada en dos ocasiones, lo que obliga a los constructores a reiniciar una y otra vez trabajos que ya ten\u00edan alg\u00fan grado de avance, pero ante frecuentes reinicios, han provocado el considerable incremento de la citada obra.<\/p>\n<p>Respecto al tren interurbano Toluca-M\u00e9xico, obra no de esta Cuarta Transformaci\u00f3n, pero que electoralmente le conviene entregar al due\u00f1o del p\u00falpito ma\u00f1anero a principios de 2023, por aquello de los comicios de gobernador, las obras caminan a velocidad de tortuga por los muchos inconvenientes y hasta resistencias de particulares citadinos y mexiquenses, en contra del proyecto.<\/p>\n<p><strong>TREN MAYA-.<\/strong> El Juzgado Primero de Distrito con sede en M\u00e9rida, Yucat\u00e1n, orden\u00f3 la suspensi\u00f3n definitiva en contra del tramo cinco sur del Tren Maya que va de Playa del Carmen a Tulum, \u201ctrabajos que deben detenerse en tanto dure el amparo\u201d, dice textualmente el dictamen del juzgado respectivo.<\/p>\n<p>Agrega adem\u00e1s la agravante en el sentido de que el gobierno continu\u00f3 trabajando \u201csin parar m\u00e1quinas\u201d, no obstante haberse concedido con anticipaci\u00f3n una suspensi\u00f3n provisional, de ah\u00ed que se haya otorgado la definitiva, con la esperanza de que ahora s\u00ed se respete el dictamen del juez de distrito de Yucat\u00e1n.<\/p>\n<p>En torno a este tema, en el que dirigentes y miembros del Partido Verde pudieran pronunciarse en apoyo a la suspensi\u00f3n de la obra no ha sido as\u00ed, pues guardan un silencio sepulcral e interesado, desde el momento en que forman parte de la estrategia electoral de Movimiento de Regeneraci\u00f3n Nacional, Morena, junto con el \u201crevolucionario\u201d\u00a0 Partido del Trabajo, del \u201cjoven\u201d due\u00f1o del mismo, Alberto Anaya.<\/p>\n<p>El mismo que perdi\u00f3 el registro y el PRI lo resucit\u00f3 con una elecci\u00f3n federal extraordinaria\u2026 para despu\u00e9s pasarse a Morena. De ese tama\u00f1o son las convicciones del joven \u201cAlbertico\u201d.<\/p>\n<p><em><a href=\"mailto:elefa44@gmail.com\" target=\"_blank\" rel=\"noopener noreferrer\">elefa44@gmail.com<\/a><\/em><\/p>\n","protected":false},"excerpt":{"rendered":"<p><span style=\"color: #005497;\"><strong>Eleazar Flores<\/strong><\/span><\/p>\n","protected":false},"author":3,"featured_media":0,"comment_status":"open","ping_status":"open","sticky":false,"template":"","format":"standard","meta":{"_monsterinsights_skip_tracking":false,"_monsterinsights_sitenote_active":false,"_monsterinsights_sitenote_note":"","_monsterinsights_sitenote_category":0,"footnotes":""},"categories":[81743],"tags":[81744,81776,43674],"class_list":["post-548460","post","type-post","status-publish","format-standard","hentry","category-eleazar-flores","tag-eleazar-flores","tag-espacio-electoral","tag-opinion"],"_links":{"self":[{"href":"https:\/\/www.diarioimagen.net\/index.php?rest_route=\/wp\/v2\/posts\/548460","targetHints":{"allow":["GET"]}}],"collection":[{"href":"https:\/\/www.diarioimagen.net\/index.php?rest_route=\/wp\/v2\/posts"}],"about":[{"href":"https:\/\/www.diarioimagen.net\/index.php?rest_route=\/wp\/v2\/types\/post"}],"author":[{"embeddable":true,"href":"https:\/\/www.diarioimagen.net\/index.php?rest_route=\/wp\/v2\/users\/3"}],"replies":[{"embeddable":true,"href":"https:\/\/www.diarioimagen.net\/index.php?rest_route=%2Fwp%2Fv2%2Fcomments&post=548460"}],"version-history":[{"count":0,"href":"https:\/\/www.diarioimagen.net\/index.php?rest_route=\/wp\/v2\/posts\/548460\/revisions"}],"wp:attachment":[{"href":"https:\/\/www.diarioimagen.net\/index.php?rest_route=%2Fwp%2Fv2%2Fmedia&parent=548460"}],"wp:term":[{"taxonomy":"category","embeddable":true,"href":"https:\/\/www.diarioimagen.net\/index.php?rest_route=%2Fwp%2Fv2%2Fcategories&post=548460"},{"taxonomy":"post_tag","embeddable":true,"href":"https:\/\/www.diarioimagen.net\/index.php?rest_route=%2Fwp%2Fv2%2Ftags&post=548460"}],"curies":[{"name":"wp","href":"https:\/\/api.w.org\/{rel}","templated":true}]}}