{"id":548559,"date":"2022-06-02T00:05:51","date_gmt":"2022-06-02T05:05:51","guid":{"rendered":"https:\/\/www.diarioimagen.net\/?p=548559"},"modified":"2022-06-02T23:24:00","modified_gmt":"2022-06-03T04:24:00","slug":"forma-uaemex-estudiantes-comprometidos-con-la-sustentabilidad-la-equidad-y-la-inclusion-barrera-diaz","status":"publish","type":"post","link":"https:\/\/www.diarioimagen.net\/?p=548559","title":{"rendered":"Forma UAEM\u00e9x estudiantes comprometidos con la sustentabilidad, la equidad y la inclusi\u00f3n: Barrera D\u00edaz"},"content":{"rendered":"<p><em>\u00a0<\/em><\/p>\n<ul>\n<li><strong><em>El rector de la Aut\u00f3noma mexiquense asegur\u00f3 que la Aut\u00f3noma mexiquense realiza acciones para convertirse en una Universidad verde<\/em><\/strong><\/li>\n<\/ul>\n<p><strong>\u00a0<\/strong><\/p>\n<div id=\"attachment_548631\" style=\"width: 470px\" class=\"wp-caption aligncenter\"><img loading=\"lazy\" decoding=\"async\" aria-describedby=\"caption-attachment-548631\" class=\"size-full wp-image-548631\" src=\"https:\/\/www.diarioimagen.net\/wp-content\/uploads\/2022\/06\/uaem-1.jpg\" alt=\"\" width=\"460\" height=\"270\" \/><p id=\"caption-attachment-548631\" class=\"wp-caption-text\">El rector de la UAEM\u00e9x, Carlos Eduardo Barrera D\u00edaz, encabez\u00f3 el Cuarto Informe Anual de Actividades que rindi\u00f3 el director del Plantel \u201cAdolfo L\u00f3pez Mateos\u201d de la Escuela Preparatoria, Camerino Ju\u00e1rez Toledo.<\/p><\/div>\n<p>&nbsp;<\/p>\n<p><strong>Toluca, Estado de M\u00e9xico<\/strong><strong>.- <\/strong>La Universidad Aut\u00f3noma del Estado de M\u00e9xico (UAEM\u00e9x) imparte una formaci\u00f3n integral y de calidad educativa a sus estudiantes que ser\u00e1n los futuros profesionistas del pa\u00eds comprometidos con la sustentabilidad, la equidad e inclusi\u00f3n, ejemplo de ello es la comunidad del Plantel \u201cAdolfo L\u00f3pez Mateos\u201d de la Escuela Preparatoria, afirm\u00f3 el rector, Carlos Eduardo Barrera D\u00edaz.<\/p>\n<p>Al encabezar el Cuarto Informe Anual de Actividades que rindi\u00f3 el director de este organismo acad\u00e9mico, Camerino Ju\u00e1rez Toledo, el rector de la UAEM\u00e9x reconoci\u00f3 los logros acad\u00e9micos, deportivos, culturales y ambientales que la comunidad de este plantel ha tenido en el \u00faltimo a\u00f1o, como el impulso de la recolecci\u00f3n de PET para intercambiar por paneles solares, campa\u00f1a verde que han adoptado todos los espacios de la Aut\u00f3noma mexiquense.<\/p>\n<p>\u201cLa Prepa 1 fue la primera en recolectar seis toneladas de PET y convertirlos en paneles solares, hoy,\u00a0 la Universidad ha recolectado alrededor de 25 mil kilos de PET y vamos a cambiarlos por paneles solares y vamos a ir convirtiendo a nuestra Universidad en una Universidad verde\u201d, asegur\u00f3.<\/p>\n<p>Barrera D\u00edaz destac\u00f3 el desempe\u00f1o de los estudiantes preparatoria en las justas de conocimiento, deportivas y culturales a nivel local, estatal y nacional, como el caso de Paulina Sarah\u00ed Bermejo Cruz quien obtuvo el primer lugar en la Olimpiada Nacional de Biolog\u00eda y pr\u00f3ximamente representar\u00e1 a M\u00e9xico en la Olimpiada Internacional que se celebrar\u00e1 en Armenia.<\/p>\n<p>En su oportunidad, Ju\u00e1rez Toledo destac\u00f3 que el Plantel cuenta con la mayor matr\u00edcula estudiantil del nivel medio superior de la UAEM\u00e9x, al sumar 3 mil 584 alumnos, registrando en el \u00faltimo a\u00f1o un \u00edndice de deserci\u00f3n escolar del 0.3 por ciento y con una cobertura del 92.1 por ciento.<\/p>\n<p>Refiri\u00f3 que el Plantel cuenta con tres Cuerpos Acad\u00e9micos y docentes de excelencia capacitados constantemente para afrontar coyunturas como la pandemia por la Covid-2019 y mantener un proceso de ense\u00f1anza aprendizaje de calidad.<\/p>\n<p>Al acto asistieron el secretario de Planeaci\u00f3n y Desarroll\u00f3 Institucional, Jos\u00e9 Raymundo Marcial Romero, integrantes del gabinete y comunidad universitaria.<\/p>\n","protected":false},"excerpt":{"rendered":"<p>La Universidad Aut\u00f3noma del Estado de M\u00e9xico (UAEM\u00e9x) imparte una formaci\u00f3n integral y de calidad educativa a sus estudiantes que ser\u00e1n los futuros profesionistas del pa\u00eds comprometidos con la sustentabilidad, la equidad e inclusi\u00f3n, ejemplo de ello es la comunidad del Plantel \u201cAdolfo L\u00f3pez Mateos\u201d de la Escuela Preparatoria, afirm\u00f3 el rector, Carlos Eduardo Barrera D\u00edaz.<\/p>\n","protected":false},"author":3,"featured_media":548631,"comment_status":"open","ping_status":"open","sticky":false,"template":"","format":"standard","meta":{"_monsterinsights_skip_tracking":false,"_monsterinsights_sitenote_active":false,"_monsterinsights_sitenote_note":"","_monsterinsights_sitenote_category":0,"footnotes":""},"categories":[5],"tags":[94730,452,1490],"class_list":["post-548559","post","type-post","status-publish","format-standard","has-post-thumbnail","hentry","category-estado-de-mexico","tag-sustentabilidad","tag-toluca","tag-universidad-autonoma-del-estado-de-mexico"],"_links":{"self":[{"href":"https:\/\/www.diarioimagen.net\/index.php?rest_route=\/wp\/v2\/posts\/548559","targetHints":{"allow":["GET"]}}],"collection":[{"href":"https:\/\/www.diarioimagen.net\/index.php?rest_route=\/wp\/v2\/posts"}],"about":[{"href":"https:\/\/www.diarioimagen.net\/index.php?rest_route=\/wp\/v2\/types\/post"}],"author":[{"embeddable":true,"href":"https:\/\/www.diarioimagen.net\/index.php?rest_route=\/wp\/v2\/users\/3"}],"replies":[{"embeddable":true,"href":"https:\/\/www.diarioimagen.net\/index.php?rest_route=%2Fwp%2Fv2%2Fcomments&post=548559"}],"version-history":[{"count":0,"href":"https:\/\/www.diarioimagen.net\/index.php?rest_route=\/wp\/v2\/posts\/548559\/revisions"}],"wp:featuredmedia":[{"embeddable":true,"href":"https:\/\/www.diarioimagen.net\/index.php?rest_route=\/wp\/v2\/media\/548631"}],"wp:attachment":[{"href":"https:\/\/www.diarioimagen.net\/index.php?rest_route=%2Fwp%2Fv2%2Fmedia&parent=548559"}],"wp:term":[{"taxonomy":"category","embeddable":true,"href":"https:\/\/www.diarioimagen.net\/index.php?rest_route=%2Fwp%2Fv2%2Fcategories&post=548559"},{"taxonomy":"post_tag","embeddable":true,"href":"https:\/\/www.diarioimagen.net\/index.php?rest_route=%2Fwp%2Fv2%2Ftags&post=548559"}],"curies":[{"name":"wp","href":"https:\/\/api.w.org\/{rel}","templated":true}]}}