{"id":548571,"date":"2022-06-02T00:01:49","date_gmt":"2022-06-02T05:01:49","guid":{"rendered":"https:\/\/www.diarioimagen.net\/?p=548571"},"modified":"2022-06-02T02:27:16","modified_gmt":"2022-06-02T07:27:16","slug":"denuncian-ongs-que-secretaria-de-la-mujer-de-edomex-y-codhem-protegen-a-acosador","status":"publish","type":"post","link":"https:\/\/www.diarioimagen.net\/?p=548571","title":{"rendered":"Denuncian ONGs que Secretar\u00eda de la Mujer de Edomex y CODHEM protegen a acosador"},"content":{"rendered":"<p>&nbsp;<\/p>\n<ul>\n<li><strong><em>Discriminan a embarazada<\/em><\/strong><\/li>\n<\/ul>\n<p>&nbsp;<\/p>\n<div id=\"attachment_548645\" style=\"width: 470px\" class=\"wp-caption aligncenter\"><a href=\"https:\/\/www.diarioimagen.net\/?attachment_id=548645\" rel=\"attachment wp-att-548645\"><img loading=\"lazy\" decoding=\"async\" aria-describedby=\"caption-attachment-548645\" class=\"size-full wp-image-548645\" src=\"https:\/\/www.diarioimagen.net\/wp-content\/uploads\/2022\/06\/edomex-valle.jpg\" alt=\"\" width=\"460\" height=\"270\" \/><\/a><p id=\"caption-attachment-548645\" class=\"wp-caption-text\">Denuncian al secretario general de CODHEM, Jes\u00fas \u00a0Ponce Rubio, de actos de discriminaci\u00f3n.<\/p><\/div>\n<p>&nbsp;<\/p>\n<p><strong>Valle de Mexico.\u2014<\/strong> La titular de la Secretar\u00eda de la Mujer hace o\u00eddos sordos a mujer embarazada que sufri\u00f3 discriminaci\u00f3n, hostigamiento y violencia laboral a manos del secretario general de la Comisi\u00f3n de Derechos Humanos del Estado de M\u00e9xico, Jes\u00fas Ponce Rubio, pues la f\u00e9mina ha solicitado acompa\u00f1amiento jur\u00eddico, pero no lo ha recibido.<\/p>\n<p>Afirmaron lo anterior Organismos no Gubernamentales Mexiquenses, luego de asegurar que \u201cni la titular de CODHEM, Myrna Araceli Garc\u00eda Mor\u00f3n, ni la titular de la Secretar\u00eda de la Mujer, Martha Hilda Gonz\u00e1lez Calder\u00f3n, han brindado apoyo jur\u00eddico eficaz o medidas de protecci\u00f3n para la mujer violentada, en una clara protecci\u00f3n a la violencia ejercida por Jes\u00fas Ponce Rubio, colaborador de ambas funcionarias\u201d, dijeron.<\/p>\n<p>Y es que la servidora p\u00fablica de la Comisi\u00f3n de Derechos Humanos del Estado de M\u00e9xico que recibi\u00f3 mal trato, discriminaci\u00f3n y hostigamiento por parte del secretario general de la CODHEM tambi\u00e9n vio vulnerados sus derechos laborales, pues en la Secretar\u00eda de la Mujer no encuentra apoyo. En una carta solicitando audiencia a Martha Hilda Gonz\u00e1lez Calder\u00f3n, Secretaria de la Mujer en el gobierno del Estado de M\u00e9xico, la f\u00e9mina violentada explica que para cuidar la salud de su persona y su beb\u00e9 pr\u00f3ximo a nacer, se vio orillada a renunciar al cargo.<\/p>\n<p>Tras explicar el hostigamiento sufrido en la CODHEM, la mujer violentada solicita una audiencia a Martha Hilda Gonz\u00e1lez Calder\u00f3n para que la titular de la Secretar\u00eda de la Mujer apoye legalmente a la afectada pero a la fecha no ha encontrado apoyo ni respuesta a su petici\u00f3n.<\/p>\n<p>Cabe recordar que de acuerdo al expediente CODHEM\/ AE\/CD\/12\/2022, el Secretario General de CODHEM, Jes\u00fas\u00a0 Ponce Rubio, cometi\u00f3 actos de discriminaci\u00f3n por condici\u00f3n de embarazo, hostigamiento y violencia laboral contra una mujer en gestaci\u00f3n.<\/p>\n","protected":false},"excerpt":{"rendered":"<p>La titular de la Secretar\u00eda de la Mujer hace o\u00eddos sordos a mujer embarazada que sufri\u00f3 discriminaci\u00f3n, hostigamiento y violencia laboral a manos del secretario general de la Comisi\u00f3n de Derechos Humanos del Estado de M\u00e9xico, Jes\u00fas Ponce Rubio, pues la f\u00e9mina ha solicitado acompa\u00f1amiento jur\u00eddico, pero no lo ha recibido.<\/p>\n","protected":false},"author":3,"featured_media":548645,"comment_status":"open","ping_status":"open","sticky":false,"template":"","format":"standard","meta":{"_monsterinsights_skip_tracking":false,"_monsterinsights_sitenote_active":false,"_monsterinsights_sitenote_note":"","_monsterinsights_sitenote_category":0,"footnotes":""},"categories":[5],"tags":[53774,34],"class_list":["post-548571","post","type-post","status-publish","format-standard","has-post-thumbnail","hentry","category-estado-de-mexico","tag-codhem","tag-valle-de-mexico"],"_links":{"self":[{"href":"https:\/\/www.diarioimagen.net\/index.php?rest_route=\/wp\/v2\/posts\/548571","targetHints":{"allow":["GET"]}}],"collection":[{"href":"https:\/\/www.diarioimagen.net\/index.php?rest_route=\/wp\/v2\/posts"}],"about":[{"href":"https:\/\/www.diarioimagen.net\/index.php?rest_route=\/wp\/v2\/types\/post"}],"author":[{"embeddable":true,"href":"https:\/\/www.diarioimagen.net\/index.php?rest_route=\/wp\/v2\/users\/3"}],"replies":[{"embeddable":true,"href":"https:\/\/www.diarioimagen.net\/index.php?rest_route=%2Fwp%2Fv2%2Fcomments&post=548571"}],"version-history":[{"count":0,"href":"https:\/\/www.diarioimagen.net\/index.php?rest_route=\/wp\/v2\/posts\/548571\/revisions"}],"wp:featuredmedia":[{"embeddable":true,"href":"https:\/\/www.diarioimagen.net\/index.php?rest_route=\/wp\/v2\/media\/548645"}],"wp:attachment":[{"href":"https:\/\/www.diarioimagen.net\/index.php?rest_route=%2Fwp%2Fv2%2Fmedia&parent=548571"}],"wp:term":[{"taxonomy":"category","embeddable":true,"href":"https:\/\/www.diarioimagen.net\/index.php?rest_route=%2Fwp%2Fv2%2Fcategories&post=548571"},{"taxonomy":"post_tag","embeddable":true,"href":"https:\/\/www.diarioimagen.net\/index.php?rest_route=%2Fwp%2Fv2%2Ftags&post=548571"}],"curies":[{"name":"wp","href":"https:\/\/api.w.org\/{rel}","templated":true}]}}