{"id":548576,"date":"2022-06-02T00:04:18","date_gmt":"2022-06-02T05:04:18","guid":{"rendered":"https:\/\/www.diarioimagen.net\/?p=548576"},"modified":"2022-06-02T02:31:03","modified_gmt":"2022-06-02T07:31:03","slug":"las-mujeres-somos-el-futuro-del-estado-de-mexico-karla-fiesco","status":"publish","type":"post","link":"https:\/\/www.diarioimagen.net\/?p=548576","title":{"rendered":"Las mujeres somos el futuro del Estado de M\u00e9xico: Karla Fiesco"},"content":{"rendered":"<p>&nbsp;<\/p>\n<p><a href=\"https:\/\/www.diarioimagen.net\/?attachment_id=548650\" rel=\"attachment wp-att-548650\"><img loading=\"lazy\" decoding=\"async\" class=\"aligncenter size-full wp-image-548650\" src=\"https:\/\/www.diarioimagen.net\/wp-content\/uploads\/2022\/06\/edomex-cuautitlan.jpg\" alt=\"\" width=\"460\" height=\"270\" \/><\/a><\/p>\n<p>&nbsp;<\/p>\n<p><strong>Cuautitlan Izcalli, Estado de M\u00e9xico.\u2014<\/strong> El gobierno de esta localidad que encabeza la presidenta, Karla Leticia Fiesco Garc\u00eda, informa que se entregaron m\u00e1s de seis mil 800 tarjetas, correspondientes al programa estatal Salario Rosa que coordina el gobierno del Estado de M\u00e9xico, a mujeres de la regi\u00f3n que realizaron su inscripci\u00f3n previamente.<\/p>\n<p>Durante el evento, la presidenta municipal, Karla Fiesco, agradeci\u00f3 al gobernador el apoyo brindado a las mujeres izcallenses y destac\u00f3 que se contin\u00faa fortaleciendo la coordinaci\u00f3n e implementaci\u00f3n del programa con su administraci\u00f3n. \u201cReconozco el valor del programa, dado que las mujeres somos el futuro en el Estado de M\u00e9xico\u201d, refiri\u00f3.<\/p>\n","protected":false},"excerpt":{"rendered":"<p>El gobierno de esta localidad que encabeza la presidenta, Karla Leticia Fiesco Garc\u00eda, informa que se entregaron m\u00e1s de seis mil 800 tarjetas, correspondientes al programa estatal Salario Rosa que coordina el gobierno del Estado de M\u00e9xico, a mujeres de la regi\u00f3n que realizaron su inscripci\u00f3n previamente.<\/p>\n","protected":false},"author":3,"featured_media":548650,"comment_status":"open","ping_status":"open","sticky":false,"template":"","format":"standard","meta":{"_monsterinsights_skip_tracking":false,"_monsterinsights_sitenote_active":false,"_monsterinsights_sitenote_note":"","_monsterinsights_sitenote_category":0,"footnotes":""},"categories":[5],"tags":[971,43675,94263],"class_list":["post-548576","post","type-post","status-publish","format-standard","has-post-thumbnail","hentry","category-estado-de-mexico","tag-cuautitlan-izcalli","tag-estado-de-mexico","tag-karla-leticia-fiesco-garcia"],"_links":{"self":[{"href":"https:\/\/www.diarioimagen.net\/index.php?rest_route=\/wp\/v2\/posts\/548576","targetHints":{"allow":["GET"]}}],"collection":[{"href":"https:\/\/www.diarioimagen.net\/index.php?rest_route=\/wp\/v2\/posts"}],"about":[{"href":"https:\/\/www.diarioimagen.net\/index.php?rest_route=\/wp\/v2\/types\/post"}],"author":[{"embeddable":true,"href":"https:\/\/www.diarioimagen.net\/index.php?rest_route=\/wp\/v2\/users\/3"}],"replies":[{"embeddable":true,"href":"https:\/\/www.diarioimagen.net\/index.php?rest_route=%2Fwp%2Fv2%2Fcomments&post=548576"}],"version-history":[{"count":0,"href":"https:\/\/www.diarioimagen.net\/index.php?rest_route=\/wp\/v2\/posts\/548576\/revisions"}],"wp:featuredmedia":[{"embeddable":true,"href":"https:\/\/www.diarioimagen.net\/index.php?rest_route=\/wp\/v2\/media\/548650"}],"wp:attachment":[{"href":"https:\/\/www.diarioimagen.net\/index.php?rest_route=%2Fwp%2Fv2%2Fmedia&parent=548576"}],"wp:term":[{"taxonomy":"category","embeddable":true,"href":"https:\/\/www.diarioimagen.net\/index.php?rest_route=%2Fwp%2Fv2%2Fcategories&post=548576"},{"taxonomy":"post_tag","embeddable":true,"href":"https:\/\/www.diarioimagen.net\/index.php?rest_route=%2Fwp%2Fv2%2Ftags&post=548576"}],"curies":[{"name":"wp","href":"https:\/\/api.w.org\/{rel}","templated":true}]}}